{"id":8102,"date":"2021-04-10T01:00:00","date_gmt":"2021-04-09T23:00:00","guid":{"rendered":"https:\/\/www.ariesblog.it\/?p=8102"},"modified":"2021-03-03T18:20:11","modified_gmt":"2021-03-03T17:20:11","slug":"41-la-fine-e-lepilogo","status":"publish","type":"post","link":"https:\/\/oldmanaries.it\/index.php\/2021\/04\/10\/41-la-fine-e-lepilogo\/","title":{"rendered":"41. La Fine. (E l&#8217;Epilogo)"},"content":{"rendered":"\n<p>\u00c8 giunto il momento che tutti i punti in sospeso giungano alla loro conclusione. Riuscir\u00e0 la missione di Reinal? Cosa ne sar\u00e0 dei Ribelli? Come agir\u00e0 la Guida? Tutte le risposte sono qui, nell&#8217;ultima tappa di questo lungo viaggio insieme. <br \/><br \/>ATTENZIONE: questo episodio contiene sia l&#8217;ultimo capitolo che l&#8217;epilogo e i ringraziamenti (questi ultimi potete comunque trovarli qui sotto). Assicuratevi di ascoltare fino alla fine.<\/p>\n\n\n\n<iframe loading=\"lazy\" src=\"https:\/\/widget.spreaker.com\/player?episode_id=43721846&#038;theme=light&#038;playlist=false&#038;playlist-continuous=false&#038;autoplay=false&#038;live-autoplay=false&#038;chapters-image=true&#038;episode_image_position=left&#038;hide-logo=false&#038;hide-likes=false&#038;hide-comments=false&#038;hide-sharing=false&#038;hide-download=true\" width=\"100%\" height=\"350px\" frameborder=\"0\"><\/iframe>\n\n\n\n<hr class=\"wp-block-separator\"\/>\n\n\n\n<p>Voglio ringraziare anzitutto ognuno di voi, che avete deciso di regalarmi il vostro tempo ascoltando la storia che ho voluto raccontarvi. Spero ne sia valsa la pena.<br \/>Ringrazio poi Elena, Alberto, Monica, Laura e Sabrina per il loro sostegno tramite buymeacoffee. L\u2019account rimarr\u00e0 aperto, se qualcuno vorr\u00e0 unirsi a loro.<br \/>Ma \u00e8 necessario che ringrazi le persone che invece hanno contribuito in un modo o nell\u2019altro affinch\u00e9 questo romanzo prima e audiolibro poi nascessero.<br \/>Anzitutto Manu. Grazie, perch\u00e9 senza di te non avrei neanche iniziato. Grazie per i brainstorming, per le letture, per il supporto. Se anche solo l\u2019idea di questo libro ha iniziato a prendere forma \u00e8 merito tuo.<br \/>Grazie a Elly. Per mille motivi, non ultimo la passione che metti ogni volta che parli di questo libro.<br \/>Grazie poi a tutte le persone che negli anni hanno letto e riletto le singole parti, anche quelle che scorder\u00f2 di menzionare qui: Matteo, Marco, Annalisa, Andrea, Giuseppe, Gabriele, Federica, Greta, Paola, Simona, Stefania, Alessia, Serena, Noemi, Francesca, Cristina, Dona, Gianluca, Samantha, Martina, Laura, Elena.<br \/>Ripeto, ne sto scordando molte altre: perdonatemi, ma sappiate che vi sono grato comunque.<br \/>Grazie a chi ha sostenuto l\u2019idea di farne un audiolibro, in particolare a Elly, Alessia e Chiara.<br \/>Grazie ad Antonella, Valeria, Giuliano e Costanza per l\u2019aiuto linguistico.<br \/>Grazie a chi ha condiviso e mandato riscontri mentre ascoltava, in particolare (ma non solo) a Irene, Sabrina, Elena e Chiara.<br \/>E poi un ultimo ringraziamento va a un certo numero di persone che mi hanno aiutato anni fa in un momento difficile e alle quali avevo promesso una menzione se fossi stato mai pubblicato: se mai avverr\u00e0 manterr\u00f2 la promessa, ma intanto lo faccio qui.<br \/>Un grazie enorme a Elly, Melika, Lady Door, Rosie, Elena, Dona, Nicoletta, Gianluca, Francesco, Sarah, Daniela, Samantha, Cristina, Angela, Marcella, Isabella, Gianbattista, Sonia, Angelo, Max, Gabriele, Stefania, Giuly, Francesco, Annalisa, Letizia, Orietta, Tania, Romina, Stefania, Valeria, Nico, Jabez, Ale, Barbara, Valentina, Anna, Silvia, Juri, Giuseppe, Silvana, Martina e tutti quelli che hanno preferito rimanere anonimi.<br \/>Vorrei fosse tutto, ma sicuramente qualcuno \u00e8 rimasto fuori. Spero mi perdoner\u00e0, la colpa \u00e8 solo mia.<\/p>\n\n\n\n<p>Grazie ancora a tutti voi, chiss\u00e0 che un giorno non si possa replicare.<\/p>\n\n\n\n<hr class=\"wp-block-separator\"\/>\n\n\n\n<p>Vi ricordo che andando su <a href=\"https:\/\/www.buymeacoffee.com\/sferragina\" target=\"_blank\" rel=\"noreferrer noopener\">https:\/\/www.buymeacoffee.com\/sferragina <\/a>potete non solo offrirmi uno o pi\u00f9 caff\u00e8, ma diventare sostenitori di questo progetto: i sostenitori riceveranno ogni settimana la versione in pdf del capitolo uscito, oltre ovviamente a quelli precedenti!<\/p>\n\n\n\n<p>Per contatti e proposte editoriali e di collaborazione: <a href=\"mailto:sferragina@gmail.com\" target=\"_blank\" rel=\"noreferrer noopener\">sferragina@gmail.com<\/a><\/p>\n","protected":false},"excerpt":{"rendered":"<p>\u00c8 giunto il momento che tutti i punti in sospeso giungano alla loro conclusione. Riuscir\u00e0 la missione di Reinal? Cosa ne sar\u00e0 dei Ribelli? Come agir\u00e0 la Guida? Tutte le&#46;&#46;&#46;<\/p>\n","protected":false},"author":1,"featured_media":7681,"comment_status":"open","ping_status":"closed","sticky":false,"template":"","format":"standard","meta":{"_monsterinsights_skip_tracking":false,"_monsterinsights_sitenote_active":false,"_monsterinsights_sitenote_note":"","_monsterinsights_sitenote_category":0,"_s2mail":"","ngg_post_thumbnail":0,"jetpack_post_was_ever_published":false,"_jetpack_newsletter_access":"","_jetpack_dont_email_post_to_subs":false,"_jetpack_newsletter_tier_id":0,"_jetpack_memberships_contains_paywalled_content":false,"_jetpack_memberships_contains_paid_content":false,"footnotes":""},"categories":[347,238],"tags":[395,410,351,399,385,350,352,392,358,494,491,355,356,475,349,359],"class_list":["post-8102","post","type-post","status-publish","format-standard","has-post-thumbnail","hentry","category-lultima-speranza-dei-vertex","category-podcast","tag-asim","tag-audiobook","tag-audiolibro","tag-deinar","tag-eyrin","tag-fantascienza","tag-fantasy","tag-firan","tag-guida","tag-kapion","tag-karing","tag-reinal","tag-selin","tag-traris","tag-vertex","tag-zalen"],"aioseo_notices":[],"jetpack_featured_media_url":"https:\/\/oldmanaries.it\/wp-content\/uploads\/2020\/06\/Lultima-speranza-dei-Vertex-9.jpg","jetpack_sharing_enabled":true,"jetpack_shortlink":"https:\/\/wp.me\/p8QUWp-26G","jetpack_likes_enabled":true,"jetpack-related-posts":[{"id":7744,"url":"https:\/\/oldmanaries.it\/index.php\/2020\/08\/08\/cap-6-conseguenze\/","url_meta":{"origin":8102,"position":0},"title":"6. Conseguenze","author":"Aries","date":"8 Agosto 2020","format":false,"excerpt":"Anzitutto devo continuare a ringraziarvi. Nel momento in cui scrivo (il 30 luglio) su Apple Podcast ci sono ben sedici valutazioni con una media di 5 stelle, tutti gli episodi sono in classifica e abbiamo raggiunto i 400 ascolti. Magari sono traguardi piccoli, ma ne vado estremamente fiero e mi\u2026","rel":"","context":"In &quot;L'ultima speranza dei Vertex&quot;","block_context":{"text":"L'ultima speranza dei Vertex","link":"https:\/\/oldmanaries.it\/index.php\/category\/podcast\/lultima-speranza-dei-vertex\/"},"img":{"alt_text":"","src":"https:\/\/i0.wp.com\/oldmanaries.it\/wp-content\/uploads\/2020\/06\/Lultima-speranza-dei-Vertex-9.jpg?resize=350%2C200&ssl=1","width":350,"height":200,"srcset":"https:\/\/i0.wp.com\/oldmanaries.it\/wp-content\/uploads\/2020\/06\/Lultima-speranza-dei-Vertex-9.jpg?resize=350%2C200&ssl=1 1x, https:\/\/i0.wp.com\/oldmanaries.it\/wp-content\/uploads\/2020\/06\/Lultima-speranza-dei-Vertex-9.jpg?resize=525%2C300&ssl=1 1.5x, https:\/\/i0.wp.com\/oldmanaries.it\/wp-content\/uploads\/2020\/06\/Lultima-speranza-dei-Vertex-9.jpg?resize=700%2C400&ssl=1 2x, https:\/\/i0.wp.com\/oldmanaries.it\/wp-content\/uploads\/2020\/06\/Lultima-speranza-dei-Vertex-9.jpg?resize=1050%2C600&ssl=1 3x, https:\/\/i0.wp.com\/oldmanaries.it\/wp-content\/uploads\/2020\/06\/Lultima-speranza-dei-Vertex-9.jpg?resize=1400%2C800&ssl=1 4x"},"classes":[]},{"id":7787,"url":"https:\/\/oldmanaries.it\/index.php\/2020\/09\/05\/10-laveg\/","url_meta":{"origin":8102,"position":1},"title":"10. Laveg","author":"Aries","date":"5 Settembre 2020","format":false,"excerpt":"Mentre continuo a ringraziarvi degli ascolti che crescono piano ma costantemente e, soprattutto, degli splendidi complimenti, siamo al decimo capitolo, a un quarto della storia. La natura di Laveg si fa sempre pi\u00f9 chiara e terribile agli occhi dei quattro amici e la necessit\u00e0 di trovare un modo di fuggire\u2026","rel":"","context":"In &quot;L'ultima speranza dei Vertex&quot;","block_context":{"text":"L'ultima speranza dei Vertex","link":"https:\/\/oldmanaries.it\/index.php\/category\/podcast\/lultima-speranza-dei-vertex\/"},"img":{"alt_text":"","src":"https:\/\/i0.wp.com\/oldmanaries.it\/wp-content\/uploads\/2020\/06\/Lultima-speranza-dei-Vertex-9.jpg?resize=350%2C200&ssl=1","width":350,"height":200,"srcset":"https:\/\/i0.wp.com\/oldmanaries.it\/wp-content\/uploads\/2020\/06\/Lultima-speranza-dei-Vertex-9.jpg?resize=350%2C200&ssl=1 1x, https:\/\/i0.wp.com\/oldmanaries.it\/wp-content\/uploads\/2020\/06\/Lultima-speranza-dei-Vertex-9.jpg?resize=525%2C300&ssl=1 1.5x, https:\/\/i0.wp.com\/oldmanaries.it\/wp-content\/uploads\/2020\/06\/Lultima-speranza-dei-Vertex-9.jpg?resize=700%2C400&ssl=1 2x, https:\/\/i0.wp.com\/oldmanaries.it\/wp-content\/uploads\/2020\/06\/Lultima-speranza-dei-Vertex-9.jpg?resize=1050%2C600&ssl=1 3x, https:\/\/i0.wp.com\/oldmanaries.it\/wp-content\/uploads\/2020\/06\/Lultima-speranza-dei-Vertex-9.jpg?resize=1400%2C800&ssl=1 4x"},"classes":[]},{"id":7965,"url":"https:\/\/oldmanaries.it\/index.php\/2021\/01\/09\/28-risvegli\/","url_meta":{"origin":8102,"position":2},"title":"28. Risvegli","author":"Aries","date":"9 Gennaio 2021","format":false,"excerpt":"Se vi stavate chiedendo il destino di Selin, in questo capitolo una prima risposta. Sono trascorse tre settimane da quando Deinar l'ha rapita. Come sta la giovane Vertex? Cosa far\u00e0 di lei la Guida? E ora che Reinal, per quanto ne sa Deinar, \u00e8 morto, l'ex-Cacciatore \u00e8 finalmente in pace?\u2026","rel":"","context":"In &quot;L'ultima speranza dei Vertex&quot;","block_context":{"text":"L'ultima speranza dei Vertex","link":"https:\/\/oldmanaries.it\/index.php\/category\/podcast\/lultima-speranza-dei-vertex\/"},"img":{"alt_text":"","src":"https:\/\/i0.wp.com\/oldmanaries.it\/wp-content\/uploads\/2020\/06\/Lultima-speranza-dei-Vertex-9.jpg?resize=350%2C200&ssl=1","width":350,"height":200,"srcset":"https:\/\/i0.wp.com\/oldmanaries.it\/wp-content\/uploads\/2020\/06\/Lultima-speranza-dei-Vertex-9.jpg?resize=350%2C200&ssl=1 1x, https:\/\/i0.wp.com\/oldmanaries.it\/wp-content\/uploads\/2020\/06\/Lultima-speranza-dei-Vertex-9.jpg?resize=525%2C300&ssl=1 1.5x, https:\/\/i0.wp.com\/oldmanaries.it\/wp-content\/uploads\/2020\/06\/Lultima-speranza-dei-Vertex-9.jpg?resize=700%2C400&ssl=1 2x, https:\/\/i0.wp.com\/oldmanaries.it\/wp-content\/uploads\/2020\/06\/Lultima-speranza-dei-Vertex-9.jpg?resize=1050%2C600&ssl=1 3x, https:\/\/i0.wp.com\/oldmanaries.it\/wp-content\/uploads\/2020\/06\/Lultima-speranza-dei-Vertex-9.jpg?resize=1400%2C800&ssl=1 4x"},"classes":[]},{"id":7738,"url":"https:\/\/oldmanaries.it\/index.php\/2020\/08\/01\/5-decisioni\/","url_meta":{"origin":8102,"position":3},"title":"5. Decisioni","author":"Aries","date":"1 Agosto 2020","format":false,"excerpt":"Scrivo questo post il 24 luglio e, in questo momento, L'ultima speranza dei Vertex ha superato i 330 ascolti che, per un progetto come questo, nato con le sole mie forze, \u00e8 un numero che mi emoziona e rende grato. Per questo grazie a tutti e, mi raccomando, se vi\u2026","rel":"","context":"In &quot;L'ultima speranza dei Vertex&quot;","block_context":{"text":"L'ultima speranza dei Vertex","link":"https:\/\/oldmanaries.it\/index.php\/category\/podcast\/lultima-speranza-dei-vertex\/"},"img":{"alt_text":"","src":"https:\/\/i0.wp.com\/oldmanaries.it\/wp-content\/uploads\/2020\/06\/Lultima-speranza-dei-Vertex-9.jpg?resize=350%2C200&ssl=1","width":350,"height":200,"srcset":"https:\/\/i0.wp.com\/oldmanaries.it\/wp-content\/uploads\/2020\/06\/Lultima-speranza-dei-Vertex-9.jpg?resize=350%2C200&ssl=1 1x, https:\/\/i0.wp.com\/oldmanaries.it\/wp-content\/uploads\/2020\/06\/Lultima-speranza-dei-Vertex-9.jpg?resize=525%2C300&ssl=1 1.5x, https:\/\/i0.wp.com\/oldmanaries.it\/wp-content\/uploads\/2020\/06\/Lultima-speranza-dei-Vertex-9.jpg?resize=700%2C400&ssl=1 2x, https:\/\/i0.wp.com\/oldmanaries.it\/wp-content\/uploads\/2020\/06\/Lultima-speranza-dei-Vertex-9.jpg?resize=1050%2C600&ssl=1 3x, https:\/\/i0.wp.com\/oldmanaries.it\/wp-content\/uploads\/2020\/06\/Lultima-speranza-dei-Vertex-9.jpg?resize=1400%2C800&ssl=1 4x"},"classes":[]},{"id":7867,"url":"https:\/\/oldmanaries.it\/index.php\/2020\/11\/07\/19-tiuna\/","url_meta":{"origin":8102,"position":4},"title":"19. Tiuna","author":"Aries","date":"7 Novembre 2020","format":false,"excerpt":"\u00c8 giunto il momento che il gruppo si separi. Firan, Zalen e Reinal si muovono in direzione di Tiuna e sar\u00e0 l'occasione per il Randagio di chiudere alcuni conti col suo passato. Ma la domanda pi\u00f9 importante \u00e8: troveranno Jera? Nota: qui la traduzione del dialogo tra Firan e Amira:\u2026","rel":"","context":"In &quot;L'ultima speranza dei Vertex&quot;","block_context":{"text":"L'ultima speranza dei Vertex","link":"https:\/\/oldmanaries.it\/index.php\/category\/podcast\/lultima-speranza-dei-vertex\/"},"img":{"alt_text":"","src":"https:\/\/i0.wp.com\/oldmanaries.it\/wp-content\/uploads\/2020\/06\/Lultima-speranza-dei-Vertex-9.jpg?resize=350%2C200&ssl=1","width":350,"height":200,"srcset":"https:\/\/i0.wp.com\/oldmanaries.it\/wp-content\/uploads\/2020\/06\/Lultima-speranza-dei-Vertex-9.jpg?resize=350%2C200&ssl=1 1x, https:\/\/i0.wp.com\/oldmanaries.it\/wp-content\/uploads\/2020\/06\/Lultima-speranza-dei-Vertex-9.jpg?resize=525%2C300&ssl=1 1.5x, https:\/\/i0.wp.com\/oldmanaries.it\/wp-content\/uploads\/2020\/06\/Lultima-speranza-dei-Vertex-9.jpg?resize=700%2C400&ssl=1 2x, https:\/\/i0.wp.com\/oldmanaries.it\/wp-content\/uploads\/2020\/06\/Lultima-speranza-dei-Vertex-9.jpg?resize=1050%2C600&ssl=1 3x, https:\/\/i0.wp.com\/oldmanaries.it\/wp-content\/uploads\/2020\/06\/Lultima-speranza-dei-Vertex-9.jpg?resize=1400%2C800&ssl=1 4x"},"classes":[]},{"id":8093,"url":"https:\/\/oldmanaries.it\/index.php\/2021\/04\/03\/40-incontri-e-scontri\/","url_meta":{"origin":8102,"position":5},"title":"40. Incontri e scontri","author":"Aries","date":"3 Aprile 2021","format":false,"excerpt":"Strade troppo a lungo separate tornano a incrociarsi in vista del capitolo finale della prossima settimana. Se volevate sapere cosa sarebbe accaduto quando Firan e Deinar si fossero rincrociati, la risposta \u00e8 qui. Se volevate assistere al rincontro tra Selin e Asim, sarete accontentati. E Reinal ed Eyrin? Li avevamo\u2026","rel":"","context":"In &quot;L'ultima speranza dei Vertex&quot;","block_context":{"text":"L'ultima speranza dei Vertex","link":"https:\/\/oldmanaries.it\/index.php\/category\/podcast\/lultima-speranza-dei-vertex\/"},"img":{"alt_text":"","src":"https:\/\/i0.wp.com\/oldmanaries.it\/wp-content\/uploads\/2020\/06\/Lultima-speranza-dei-Vertex-9.jpg?resize=350%2C200&ssl=1","width":350,"height":200,"srcset":"https:\/\/i0.wp.com\/oldmanaries.it\/wp-content\/uploads\/2020\/06\/Lultima-speranza-dei-Vertex-9.jpg?resize=350%2C200&ssl=1 1x, https:\/\/i0.wp.com\/oldmanaries.it\/wp-content\/uploads\/2020\/06\/Lultima-speranza-dei-Vertex-9.jpg?resize=525%2C300&ssl=1 1.5x, https:\/\/i0.wp.com\/oldmanaries.it\/wp-content\/uploads\/2020\/06\/Lultima-speranza-dei-Vertex-9.jpg?resize=700%2C400&ssl=1 2x, https:\/\/i0.wp.com\/oldmanaries.it\/wp-content\/uploads\/2020\/06\/Lultima-speranza-dei-Vertex-9.jpg?resize=1050%2C600&ssl=1 3x, https:\/\/i0.wp.com\/oldmanaries.it\/wp-content\/uploads\/2020\/06\/Lultima-speranza-dei-Vertex-9.jpg?resize=1400%2C800&ssl=1 4x"},"classes":[]}],"_links":{"self":[{"href":"https:\/\/oldmanaries.it\/index.php\/wp-json\/wp\/v2\/posts\/8102","targetHints":{"allow":["GET"]}}],"collection":[{"href":"https:\/\/oldmanaries.it\/index.php\/wp-json\/wp\/v2\/posts"}],"about":[{"href":"https:\/\/oldmanaries.it\/index.php\/wp-json\/wp\/v2\/types\/post"}],"author":[{"embeddable":true,"href":"https:\/\/oldmanaries.it\/index.php\/wp-json\/wp\/v2\/users\/1"}],"replies":[{"embeddable":true,"href":"https:\/\/oldmanaries.it\/index.php\/wp-json\/wp\/v2\/comments?post=8102"}],"version-history":[{"count":0,"href":"https:\/\/oldmanaries.it\/index.php\/wp-json\/wp\/v2\/posts\/8102\/revisions"}],"wp:featuredmedia":[{"embeddable":true,"href":"https:\/\/oldmanaries.it\/index.php\/wp-json\/wp\/v2\/media\/7681"}],"wp:attachment":[{"href":"https:\/\/oldmanaries.it\/index.php\/wp-json\/wp\/v2\/media?parent=8102"}],"wp:term":[{"taxonomy":"category","embeddable":true,"href":"https:\/\/oldmanaries.it\/index.php\/wp-json\/wp\/v2\/categories?post=8102"},{"taxonomy":"post_tag","embeddable":true,"href":"https:\/\/oldmanaries.it\/index.php\/wp-json\/wp\/v2\/tags?post=8102"}],"curies":[{"name":"wp","href":"https:\/\/api.w.org\/{rel}","templated":true}]}}