{"id":8039,"date":"2021-02-20T01:00:00","date_gmt":"2021-02-20T00:00:00","guid":{"rendered":"https:\/\/www.ariesblog.it\/?p=8039"},"modified":"2021-01-22T17:08:10","modified_gmt":"2021-01-22T16:08:10","slug":"34-ribellione","status":"publish","type":"post","link":"https:\/\/oldmanaries.it\/index.php\/2021\/02\/20\/34-ribellione\/","title":{"rendered":"34. Ribellione"},"content":{"rendered":"\n<p>Deinar deve accettare che tutto ci\u00f2 che ha sempre creduto \u00e8 orribilmente falso. Riuscir\u00e0 a trovare un modo per salvare Selin e farsi perdonare?<\/p>\n\n\n\n<iframe loading=\"lazy\" src=\"https:\/\/widget.spreaker.com\/player?episode_id=43065406&#038;theme=light&#038;playlist=false&#038;playlist-continuous=false&#038;autoplay=false&#038;live-autoplay=false&#038;chapters-image=true&#038;episode_image_position=left&#038;hide-logo=false&#038;hide-likes=false&#038;hide-comments=false&#038;hide-sharing=false&#038;hide-download=true\" width=\"100%\" height=\"350px\" frameborder=\"0\"><\/iframe>\n\n\n\n<hr class=\"wp-block-separator\"\/>\n\n\n\n<p>Vi ricordo che andando su<a href=\"https:\/\/www.buymeacoffee.com\/sferragina\" target=\"_blank\" rel=\"noreferrer noopener\"> https:\/\/www.buymeacoffee.com\/sferragina<\/a> potete non solo offrirmi uno o pi\u00f9 caff\u00e8, ma diventare sostenitori di questo progetto: i sostenitori riceveranno ogni settimana la versione in pdf del capitolo uscito, oltre ovviamente a quelli precedenti!<\/p>\n\n\n\n<p>Per contatti e proposte editoriali e di collaborazione: <a href=\"mailto:sferragina@gmail.com\">sferragina@gmail.com<\/a><\/p>\n\n\n\n<p>Per sostenere questo progetto: <a href=\"https:\/\/www.buymeacoffee.com\/sferragina\" target=\"_blank\" rel=\"noreferrer noopener\">https:\/\/www.buymeacoffee.com\/sferragina<\/a><\/p>\n\n\n\n<p><\/p>\n","protected":false},"excerpt":{"rendered":"<p>Deinar deve accettare che tutto ci\u00f2 che ha sempre creduto \u00e8 orribilmente falso. Riuscir\u00e0 a trovare un modo per salvare Selin e farsi perdonare? Vi ricordo che andando su https:\/\/www.buymeacoffee.com\/sferragina&#46;&#46;&#46;<\/p>\n","protected":false},"author":1,"featured_media":7681,"comment_status":"open","ping_status":"closed","sticky":false,"template":"","format":"standard","meta":{"_monsterinsights_skip_tracking":false,"_monsterinsights_sitenote_active":false,"_monsterinsights_sitenote_note":"","_monsterinsights_sitenote_category":0,"_s2mail":"","ngg_post_thumbnail":0,"jetpack_post_was_ever_published":false,"_jetpack_newsletter_access":"","_jetpack_dont_email_post_to_subs":false,"_jetpack_newsletter_tier_id":0,"_jetpack_memberships_contains_paywalled_content":false,"_jetpack_memberships_contains_paid_content":false,"footnotes":""},"categories":[347,238],"tags":[410,351,399,376,350,352,358,391,356,475,349],"class_list":["post-8039","post","type-post","status-publish","format-standard","has-post-thumbnail","hentry","category-lultima-speranza-dei-vertex","category-podcast","tag-audiobook","tag-audiolibro","tag-deinar","tag-extris","tag-fantascienza","tag-fantasy","tag-guida","tag-rifugio","tag-selin","tag-traris","tag-vertex"],"aioseo_notices":[],"jetpack_featured_media_url":"https:\/\/oldmanaries.it\/wp-content\/uploads\/2020\/06\/Lultima-speranza-dei-Vertex-9.jpg","jetpack_sharing_enabled":true,"jetpack_shortlink":"https:\/\/wp.me\/p8QUWp-25F","jetpack_likes_enabled":true,"jetpack-related-posts":[{"id":7965,"url":"https:\/\/oldmanaries.it\/index.php\/2021\/01\/09\/28-risvegli\/","url_meta":{"origin":8039,"position":0},"title":"28. Risvegli","author":"Aries","date":"9 Gennaio 2021","format":false,"excerpt":"Se vi stavate chiedendo il destino di Selin, in questo capitolo una prima risposta. Sono trascorse tre settimane da quando Deinar l'ha rapita. Come sta la giovane Vertex? Cosa far\u00e0 di lei la Guida? E ora che Reinal, per quanto ne sa Deinar, \u00e8 morto, l'ex-Cacciatore \u00e8 finalmente in pace?\u2026","rel":"","context":"In &quot;L'ultima speranza dei Vertex&quot;","block_context":{"text":"L'ultima speranza dei Vertex","link":"https:\/\/oldmanaries.it\/index.php\/category\/podcast\/lultima-speranza-dei-vertex\/"},"img":{"alt_text":"","src":"https:\/\/i0.wp.com\/oldmanaries.it\/wp-content\/uploads\/2020\/06\/Lultima-speranza-dei-Vertex-9.jpg?resize=350%2C200&ssl=1","width":350,"height":200,"srcset":"https:\/\/i0.wp.com\/oldmanaries.it\/wp-content\/uploads\/2020\/06\/Lultima-speranza-dei-Vertex-9.jpg?resize=350%2C200&ssl=1 1x, https:\/\/i0.wp.com\/oldmanaries.it\/wp-content\/uploads\/2020\/06\/Lultima-speranza-dei-Vertex-9.jpg?resize=525%2C300&ssl=1 1.5x, https:\/\/i0.wp.com\/oldmanaries.it\/wp-content\/uploads\/2020\/06\/Lultima-speranza-dei-Vertex-9.jpg?resize=700%2C400&ssl=1 2x, https:\/\/i0.wp.com\/oldmanaries.it\/wp-content\/uploads\/2020\/06\/Lultima-speranza-dei-Vertex-9.jpg?resize=1050%2C600&ssl=1 3x, https:\/\/i0.wp.com\/oldmanaries.it\/wp-content\/uploads\/2020\/06\/Lultima-speranza-dei-Vertex-9.jpg?resize=1400%2C800&ssl=1 4x"},"classes":[]},{"id":8082,"url":"https:\/\/oldmanaries.it\/index.php\/2021\/03\/13\/37-prese-di-coscienza\/","url_meta":{"origin":8039,"position":1},"title":"37. Prese di coscienza","author":"Aries","date":"13 Marzo 2021","format":false,"excerpt":"Mentre la Guida reagisce alle ultime notizie riguardanti Selin e mette in moto gli eventi che porteranno al finale della nostra storia, giunge il momento per Deinar e Karing di esaminare separatamente le proprie coscienze e il passato recente e remoto.Intanto Selin scopre che\u2026 Vi ricordo che andando su https:\/\/www.buymeacoffee.com\/sferragina\u2026","rel":"","context":"In &quot;L'ultima speranza dei Vertex&quot;","block_context":{"text":"L'ultima speranza dei Vertex","link":"https:\/\/oldmanaries.it\/index.php\/category\/podcast\/lultima-speranza-dei-vertex\/"},"img":{"alt_text":"","src":"https:\/\/i0.wp.com\/oldmanaries.it\/wp-content\/uploads\/2020\/06\/Lultima-speranza-dei-Vertex-9.jpg?resize=350%2C200&ssl=1","width":350,"height":200,"srcset":"https:\/\/i0.wp.com\/oldmanaries.it\/wp-content\/uploads\/2020\/06\/Lultima-speranza-dei-Vertex-9.jpg?resize=350%2C200&ssl=1 1x, https:\/\/i0.wp.com\/oldmanaries.it\/wp-content\/uploads\/2020\/06\/Lultima-speranza-dei-Vertex-9.jpg?resize=525%2C300&ssl=1 1.5x, https:\/\/i0.wp.com\/oldmanaries.it\/wp-content\/uploads\/2020\/06\/Lultima-speranza-dei-Vertex-9.jpg?resize=700%2C400&ssl=1 2x, https:\/\/i0.wp.com\/oldmanaries.it\/wp-content\/uploads\/2020\/06\/Lultima-speranza-dei-Vertex-9.jpg?resize=1050%2C600&ssl=1 3x, https:\/\/i0.wp.com\/oldmanaries.it\/wp-content\/uploads\/2020\/06\/Lultima-speranza-dei-Vertex-9.jpg?resize=1400%2C800&ssl=1 4x"},"classes":[]},{"id":8093,"url":"https:\/\/oldmanaries.it\/index.php\/2021\/04\/03\/40-incontri-e-scontri\/","url_meta":{"origin":8039,"position":2},"title":"40. Incontri e scontri","author":"Aries","date":"3 Aprile 2021","format":false,"excerpt":"Strade troppo a lungo separate tornano a incrociarsi in vista del capitolo finale della prossima settimana. Se volevate sapere cosa sarebbe accaduto quando Firan e Deinar si fossero rincrociati, la risposta \u00e8 qui. Se volevate assistere al rincontro tra Selin e Asim, sarete accontentati. E Reinal ed Eyrin? Li avevamo\u2026","rel":"","context":"In &quot;L'ultima speranza dei Vertex&quot;","block_context":{"text":"L'ultima speranza dei Vertex","link":"https:\/\/oldmanaries.it\/index.php\/category\/podcast\/lultima-speranza-dei-vertex\/"},"img":{"alt_text":"","src":"https:\/\/i0.wp.com\/oldmanaries.it\/wp-content\/uploads\/2020\/06\/Lultima-speranza-dei-Vertex-9.jpg?resize=350%2C200&ssl=1","width":350,"height":200,"srcset":"https:\/\/i0.wp.com\/oldmanaries.it\/wp-content\/uploads\/2020\/06\/Lultima-speranza-dei-Vertex-9.jpg?resize=350%2C200&ssl=1 1x, https:\/\/i0.wp.com\/oldmanaries.it\/wp-content\/uploads\/2020\/06\/Lultima-speranza-dei-Vertex-9.jpg?resize=525%2C300&ssl=1 1.5x, https:\/\/i0.wp.com\/oldmanaries.it\/wp-content\/uploads\/2020\/06\/Lultima-speranza-dei-Vertex-9.jpg?resize=700%2C400&ssl=1 2x, https:\/\/i0.wp.com\/oldmanaries.it\/wp-content\/uploads\/2020\/06\/Lultima-speranza-dei-Vertex-9.jpg?resize=1050%2C600&ssl=1 3x, https:\/\/i0.wp.com\/oldmanaries.it\/wp-content\/uploads\/2020\/06\/Lultima-speranza-dei-Vertex-9.jpg?resize=1400%2C800&ssl=1 4x"},"classes":[]},{"id":7847,"url":"https:\/\/oldmanaries.it\/index.php\/2020\/10\/24\/17-uma\/","url_meta":{"origin":8039,"position":3},"title":"17. Uma","author":"Aries","date":"24 Ottobre 2020","format":false,"excerpt":"Il colpo di scena alla fine dello scorso capitolo avr\u00e0 per forza di cose conseguenze importanti. Come ha fatto Deinar a ritrovarsi in mezzo a quel gruppo di Accoliti? Ci si potr\u00e0 fidare di lui? Quali saranno le nuove dinamiche nel gruppo? Per rispondere a questo e molto altro un\u2026","rel":"","context":"In &quot;L'ultima speranza dei Vertex&quot;","block_context":{"text":"L'ultima speranza dei Vertex","link":"https:\/\/oldmanaries.it\/index.php\/category\/podcast\/lultima-speranza-dei-vertex\/"},"img":{"alt_text":"","src":"https:\/\/i0.wp.com\/oldmanaries.it\/wp-content\/uploads\/2020\/06\/Lultima-speranza-dei-Vertex-9.jpg?resize=350%2C200&ssl=1","width":350,"height":200,"srcset":"https:\/\/i0.wp.com\/oldmanaries.it\/wp-content\/uploads\/2020\/06\/Lultima-speranza-dei-Vertex-9.jpg?resize=350%2C200&ssl=1 1x, https:\/\/i0.wp.com\/oldmanaries.it\/wp-content\/uploads\/2020\/06\/Lultima-speranza-dei-Vertex-9.jpg?resize=525%2C300&ssl=1 1.5x, https:\/\/i0.wp.com\/oldmanaries.it\/wp-content\/uploads\/2020\/06\/Lultima-speranza-dei-Vertex-9.jpg?resize=700%2C400&ssl=1 2x, https:\/\/i0.wp.com\/oldmanaries.it\/wp-content\/uploads\/2020\/06\/Lultima-speranza-dei-Vertex-9.jpg?resize=1050%2C600&ssl=1 3x, https:\/\/i0.wp.com\/oldmanaries.it\/wp-content\/uploads\/2020\/06\/Lultima-speranza-dei-Vertex-9.jpg?resize=1400%2C800&ssl=1 4x"},"classes":[]},{"id":7916,"url":"https:\/\/oldmanaries.it\/index.php\/2020\/11\/28\/22-resa-dei-conti\/","url_meta":{"origin":8039,"position":4},"title":"22. Resa dei conti","author":"Aries","date":"28 Novembre 2020","format":false,"excerpt":"Il tradimento dell'ultimo episodio fa precipitare tutto. E la resa dei conti tra il traditore e gli altri membri si avvicina\u2026 o forse no? Dove e quando si trova Selin? E perch\u00e9 ci sono quelle persone che dovrebbero essere morte? Con questo capitolo siamo a met\u00e0 esatta della nostra storia\u2026","rel":"","context":"In &quot;L'ultima speranza dei Vertex&quot;","block_context":{"text":"L'ultima speranza dei Vertex","link":"https:\/\/oldmanaries.it\/index.php\/category\/podcast\/lultima-speranza-dei-vertex\/"},"img":{"alt_text":"","src":"https:\/\/i0.wp.com\/oldmanaries.it\/wp-content\/uploads\/2020\/06\/Lultima-speranza-dei-Vertex-9.jpg?resize=350%2C200&ssl=1","width":350,"height":200,"srcset":"https:\/\/i0.wp.com\/oldmanaries.it\/wp-content\/uploads\/2020\/06\/Lultima-speranza-dei-Vertex-9.jpg?resize=350%2C200&ssl=1 1x, https:\/\/i0.wp.com\/oldmanaries.it\/wp-content\/uploads\/2020\/06\/Lultima-speranza-dei-Vertex-9.jpg?resize=525%2C300&ssl=1 1.5x, https:\/\/i0.wp.com\/oldmanaries.it\/wp-content\/uploads\/2020\/06\/Lultima-speranza-dei-Vertex-9.jpg?resize=700%2C400&ssl=1 2x, https:\/\/i0.wp.com\/oldmanaries.it\/wp-content\/uploads\/2020\/06\/Lultima-speranza-dei-Vertex-9.jpg?resize=1050%2C600&ssl=1 3x, https:\/\/i0.wp.com\/oldmanaries.it\/wp-content\/uploads\/2020\/06\/Lultima-speranza-dei-Vertex-9.jpg?resize=1400%2C800&ssl=1 4x"},"classes":[]},{"id":7840,"url":"https:\/\/oldmanaries.it\/index.php\/2020\/10\/17\/16-di-nuovo-in-viaggio\/","url_meta":{"origin":8039,"position":5},"title":"16. Di nuovo in viaggio","author":"Aries","date":"17 Ottobre 2020","format":false,"excerpt":"Se pensavate che il viaggio dei nostri protagonisti potesse procedere serenamente vi eravate illusi. Una notte di riposo si trasformer\u00e0 in un inferno che metter\u00e0 a dura prova Eyrin, Reinal e gli altri, come la lunghezza di questo capitolo pu\u00f2 lasciare ad intendere. Riusciranno a cavarsela o subiranno nuove perdite?\u2026","rel":"","context":"In &quot;L'ultima speranza dei Vertex&quot;","block_context":{"text":"L'ultima speranza dei Vertex","link":"https:\/\/oldmanaries.it\/index.php\/category\/podcast\/lultima-speranza-dei-vertex\/"},"img":{"alt_text":"","src":"https:\/\/i0.wp.com\/oldmanaries.it\/wp-content\/uploads\/2020\/06\/Lultima-speranza-dei-Vertex-9.jpg?resize=350%2C200&ssl=1","width":350,"height":200,"srcset":"https:\/\/i0.wp.com\/oldmanaries.it\/wp-content\/uploads\/2020\/06\/Lultima-speranza-dei-Vertex-9.jpg?resize=350%2C200&ssl=1 1x, https:\/\/i0.wp.com\/oldmanaries.it\/wp-content\/uploads\/2020\/06\/Lultima-speranza-dei-Vertex-9.jpg?resize=525%2C300&ssl=1 1.5x, https:\/\/i0.wp.com\/oldmanaries.it\/wp-content\/uploads\/2020\/06\/Lultima-speranza-dei-Vertex-9.jpg?resize=700%2C400&ssl=1 2x, https:\/\/i0.wp.com\/oldmanaries.it\/wp-content\/uploads\/2020\/06\/Lultima-speranza-dei-Vertex-9.jpg?resize=1050%2C600&ssl=1 3x, https:\/\/i0.wp.com\/oldmanaries.it\/wp-content\/uploads\/2020\/06\/Lultima-speranza-dei-Vertex-9.jpg?resize=1400%2C800&ssl=1 4x"},"classes":[]}],"_links":{"self":[{"href":"https:\/\/oldmanaries.it\/index.php\/wp-json\/wp\/v2\/posts\/8039","targetHints":{"allow":["GET"]}}],"collection":[{"href":"https:\/\/oldmanaries.it\/index.php\/wp-json\/wp\/v2\/posts"}],"about":[{"href":"https:\/\/oldmanaries.it\/index.php\/wp-json\/wp\/v2\/types\/post"}],"author":[{"embeddable":true,"href":"https:\/\/oldmanaries.it\/index.php\/wp-json\/wp\/v2\/users\/1"}],"replies":[{"embeddable":true,"href":"https:\/\/oldmanaries.it\/index.php\/wp-json\/wp\/v2\/comments?post=8039"}],"version-history":[{"count":0,"href":"https:\/\/oldmanaries.it\/index.php\/wp-json\/wp\/v2\/posts\/8039\/revisions"}],"wp:featuredmedia":[{"embeddable":true,"href":"https:\/\/oldmanaries.it\/index.php\/wp-json\/wp\/v2\/media\/7681"}],"wp:attachment":[{"href":"https:\/\/oldmanaries.it\/index.php\/wp-json\/wp\/v2\/media?parent=8039"}],"wp:term":[{"taxonomy":"category","embeddable":true,"href":"https:\/\/oldmanaries.it\/index.php\/wp-json\/wp\/v2\/categories?post=8039"},{"taxonomy":"post_tag","embeddable":true,"href":"https:\/\/oldmanaries.it\/index.php\/wp-json\/wp\/v2\/tags?post=8039"}],"curies":[{"name":"wp","href":"https:\/\/api.w.org\/{rel}","templated":true}]}}