{"id":7948,"date":"2020-12-19T02:00:00","date_gmt":"2020-12-19T01:00:00","guid":{"rendered":"https:\/\/www.ariesblog.it\/?p=7948"},"modified":"2020-11-26T19:05:17","modified_gmt":"2020-11-26T18:05:17","slug":"25-la-montagna-spezzata","status":"publish","type":"post","link":"https:\/\/oldmanaries.it\/index.php\/2020\/12\/19\/25-la-montagna-spezzata\/","title":{"rendered":"25. La Montagna Spezzata"},"content":{"rendered":"\n<p>Lasciati Bors e Org, Firan e Zalen raggiungono Lagaff, prima tappa del loro viaggio per salvare Selin. Riusciranno a formare nuove alleanze? E com&#8217;\u00e8 possibile che proprio a Lagaff scoprano qualcosa in pi\u00f9 su Asim?<\/p>\n\n\n\n<iframe loading=\"lazy\" src=\"https:\/\/widget.spreaker.com\/player?episode_id=42185527&#038;theme=light&#038;playlist=false&#038;playlist-continuous=false&#038;autoplay=false&#038;live-autoplay=false&#038;chapters-image=true&#038;episode_image_position=left&#038;hide-logo=false&#038;hide-likes=false&#038;hide-comments=false&#038;hide-sharing=false&#038;hide-download=true\" width=\"100%\" height=\"350px\" frameborder=\"0\"><\/iframe>\n\n\n\n<hr class=\"wp-block-separator\"\/>\n\n\n\n<p>Vi ricordo che andando su <a href=\"https:\/\/www.buymeacoffee.com\/sferragina\" target=\"_blank\" rel=\"noreferrer noopener\">https:\/\/www.buymeacoffee.com\/sferragina <\/a>potete non solo offrirmi uno o pi\u00f9 caff\u00e8, ma diventare sostenitori di questo progetto: i sostenitori riceveranno ogni settimana la versione in pdf del capitolo uscito, oltre ovviamente a quelli precedenti!<\/p>\n\n\n\n<p>Per contatti e proposte editoriali e di collaborazione: <a href=\"mailto:sferragina@gmail.com\" target=\"_blank\" rel=\"noreferrer noopener\">sferragina@gmail.com<\/a><\/p>\n\n\n\n<p>Per sostenere questo progetto: <a href=\"https:\/\/www.buymeacoffee.com\/sferragina\" target=\"_blank\" rel=\"noreferrer noopener\">https:\/\/www.buymeacoffee.com\/sferragina<\/a><\/p>\n\n\n\n<p>Musiche di Gabriele Ilardi<\/p>\n","protected":false},"excerpt":{"rendered":"<p>Lasciati Bors e Org, Firan e Zalen raggiungono Lagaff, prima tappa del loro viaggio per salvare Selin. Riusciranno a formare nuove alleanze? E com&#8217;\u00e8 possibile che proprio a Lagaff scoprano&#46;&#46;&#46;<\/p>\n","protected":false},"author":1,"featured_media":7681,"comment_status":"open","ping_status":"closed","sticky":false,"template":"","format":"standard","meta":{"_monsterinsights_skip_tracking":false,"_monsterinsights_sitenote_active":false,"_monsterinsights_sitenote_note":"","_monsterinsights_sitenote_category":0,"_s2mail":"","ngg_post_thumbnail":0,"jetpack_post_was_ever_published":false,"_jetpack_newsletter_access":"","_jetpack_dont_email_post_to_subs":false,"_jetpack_newsletter_tier_id":0,"_jetpack_memberships_contains_paywalled_content":false,"_jetpack_memberships_contains_paid_content":false,"footnotes":""},"categories":[347,238],"tags":[428,395,410,351,350,352,392,429,349,359],"class_list":["post-7948","post","type-post","status-publish","format-standard","has-post-thumbnail","hentry","category-lultima-speranza-dei-vertex","category-podcast","tag-alind","tag-asim","tag-audiobook","tag-audiolibro","tag-fantascienza","tag-fantasy","tag-firan","tag-lagaff","tag-vertex","tag-zalen"],"aioseo_notices":[],"jetpack_featured_media_url":"https:\/\/oldmanaries.it\/wp-content\/uploads\/2020\/06\/Lultima-speranza-dei-Vertex-9.jpg","jetpack_sharing_enabled":true,"jetpack_shortlink":"https:\/\/wp.me\/p8QUWp-24c","jetpack_likes_enabled":true,"jetpack-related-posts":[{"id":7963,"url":"https:\/\/oldmanaries.it\/index.php\/2021\/01\/02\/27-nella-tempesta\/","url_meta":{"origin":7948,"position":0},"title":"27. Nella tempesta","author":"Aries","date":"2 Gennaio 2021","format":false,"excerpt":"Firan, Zalen e Asim hanno lasciato Lagaff, ma incontrano presto un imprevisto sotto forma di Extris e Vertex, ma la vera minaccia stavolta giunger\u00e0 dalle forze della natura. Vi ricordo che andando su https:\/\/www.buymeacoffee.com\/sferragina potete non solo offrirmi uno o pi\u00f9 caff\u00e8, ma diventare sostenitori di questo progetto: i sostenitori\u2026","rel":"","context":"In &quot;L'ultima speranza dei Vertex&quot;","block_context":{"text":"L'ultima speranza dei Vertex","link":"https:\/\/oldmanaries.it\/index.php\/category\/podcast\/lultima-speranza-dei-vertex\/"},"img":{"alt_text":"","src":"https:\/\/i0.wp.com\/oldmanaries.it\/wp-content\/uploads\/2020\/06\/Lultima-speranza-dei-Vertex-9.jpg?resize=350%2C200&ssl=1","width":350,"height":200,"srcset":"https:\/\/i0.wp.com\/oldmanaries.it\/wp-content\/uploads\/2020\/06\/Lultima-speranza-dei-Vertex-9.jpg?resize=350%2C200&ssl=1 1x, https:\/\/i0.wp.com\/oldmanaries.it\/wp-content\/uploads\/2020\/06\/Lultima-speranza-dei-Vertex-9.jpg?resize=525%2C300&ssl=1 1.5x, https:\/\/i0.wp.com\/oldmanaries.it\/wp-content\/uploads\/2020\/06\/Lultima-speranza-dei-Vertex-9.jpg?resize=700%2C400&ssl=1 2x, https:\/\/i0.wp.com\/oldmanaries.it\/wp-content\/uploads\/2020\/06\/Lultima-speranza-dei-Vertex-9.jpg?resize=1050%2C600&ssl=1 3x, https:\/\/i0.wp.com\/oldmanaries.it\/wp-content\/uploads\/2020\/06\/Lultima-speranza-dei-Vertex-9.jpg?resize=1400%2C800&ssl=1 4x"},"classes":[]},{"id":7928,"url":"https:\/\/oldmanaries.it\/index.php\/2020\/12\/05\/23-vecchi-amici\/","url_meta":{"origin":7948,"position":1},"title":"23. Vecchi Amici","author":"Aries","date":"5 Dicembre 2020","format":false,"excerpt":"La quarta parte inizia col vecchio gruppo diviso a met\u00e0. Cominciamo in questo capitolo torniamo da Zalen, Firan e, ovviamente, Asim, che abbiamo salutato la scorsa settimana. Il loro viaggio verso il Rifugio si ferma in una tappa conosciuta per incontrare un vecchio amico, ma i tre scopriranno che Pix\u2026","rel":"","context":"In &quot;L'ultima speranza dei Vertex&quot;","block_context":{"text":"L'ultima speranza dei Vertex","link":"https:\/\/oldmanaries.it\/index.php\/category\/podcast\/lultima-speranza-dei-vertex\/"},"img":{"alt_text":"","src":"https:\/\/i0.wp.com\/oldmanaries.it\/wp-content\/uploads\/2020\/06\/Lultima-speranza-dei-Vertex-9.jpg?resize=350%2C200&ssl=1","width":350,"height":200,"srcset":"https:\/\/i0.wp.com\/oldmanaries.it\/wp-content\/uploads\/2020\/06\/Lultima-speranza-dei-Vertex-9.jpg?resize=350%2C200&ssl=1 1x, https:\/\/i0.wp.com\/oldmanaries.it\/wp-content\/uploads\/2020\/06\/Lultima-speranza-dei-Vertex-9.jpg?resize=525%2C300&ssl=1 1.5x, https:\/\/i0.wp.com\/oldmanaries.it\/wp-content\/uploads\/2020\/06\/Lultima-speranza-dei-Vertex-9.jpg?resize=700%2C400&ssl=1 2x, https:\/\/i0.wp.com\/oldmanaries.it\/wp-content\/uploads\/2020\/06\/Lultima-speranza-dei-Vertex-9.jpg?resize=1050%2C600&ssl=1 3x, https:\/\/i0.wp.com\/oldmanaries.it\/wp-content\/uploads\/2020\/06\/Lultima-speranza-dei-Vertex-9.jpg?resize=1400%2C800&ssl=1 4x"},"classes":[]},{"id":8028,"url":"https:\/\/oldmanaries.it\/index.php\/2021\/02\/13\/33-nella-frattura\/","url_meta":{"origin":7948,"position":2},"title":"33. Nella frattura","author":"Aries","date":"13 Febbraio 2021","format":false,"excerpt":"Il gruppo di Firan e Zalen raggiunge la Grande Frattura e, oltre alle tensioni interne, dovr\u00e0 affrontare una potenziale minaccia che metter\u00e0 a nudo l'anima di molti. Vi ricordo che andando su https:\/\/www.buymeacoffee.com\/sferragina potete non solo offrirmi uno o pi\u00f9 caff\u00e8, ma diventare sostenitori di questo progetto: i sostenitori riceveranno\u2026","rel":"","context":"In &quot;L'ultima speranza dei Vertex&quot;","block_context":{"text":"L'ultima speranza dei Vertex","link":"https:\/\/oldmanaries.it\/index.php\/category\/podcast\/lultima-speranza-dei-vertex\/"},"img":{"alt_text":"","src":"https:\/\/i0.wp.com\/oldmanaries.it\/wp-content\/uploads\/2020\/06\/Lultima-speranza-dei-Vertex-9.jpg?resize=350%2C200&ssl=1","width":350,"height":200,"srcset":"https:\/\/i0.wp.com\/oldmanaries.it\/wp-content\/uploads\/2020\/06\/Lultima-speranza-dei-Vertex-9.jpg?resize=350%2C200&ssl=1 1x, https:\/\/i0.wp.com\/oldmanaries.it\/wp-content\/uploads\/2020\/06\/Lultima-speranza-dei-Vertex-9.jpg?resize=525%2C300&ssl=1 1.5x, https:\/\/i0.wp.com\/oldmanaries.it\/wp-content\/uploads\/2020\/06\/Lultima-speranza-dei-Vertex-9.jpg?resize=700%2C400&ssl=1 2x, https:\/\/i0.wp.com\/oldmanaries.it\/wp-content\/uploads\/2020\/06\/Lultima-speranza-dei-Vertex-9.jpg?resize=1050%2C600&ssl=1 3x, https:\/\/i0.wp.com\/oldmanaries.it\/wp-content\/uploads\/2020\/06\/Lultima-speranza-dei-Vertex-9.jpg?resize=1400%2C800&ssl=1 4x"},"classes":[]},{"id":7974,"url":"https:\/\/oldmanaries.it\/index.php\/2021\/01\/16\/29-mostri-come-noi\/","url_meta":{"origin":7948,"position":3},"title":"29. Mostri come noi.","author":"Aries","date":"16 Gennaio 2021","format":false,"excerpt":"Firan, Zalen e il gruppo di ex-ostaggi si muove in direzione dei potenziali alleati incontrati durante la tempesta.Che sia giunto finalmente il momento di arruolare nuove forze? E, soprattutto, andr\u00e0 tutto liscio?Non scordiamoci che tra loro, ora, ci sono due Vertex\u2026 Vi ricordo che andando su https:\/\/www.buymeacoffee.com\/sferragina potete non solo\u2026","rel":"","context":"In &quot;L'ultima speranza dei Vertex&quot;","block_context":{"text":"L'ultima speranza dei Vertex","link":"https:\/\/oldmanaries.it\/index.php\/category\/podcast\/lultima-speranza-dei-vertex\/"},"img":{"alt_text":"","src":"https:\/\/i0.wp.com\/oldmanaries.it\/wp-content\/uploads\/2020\/06\/Lultima-speranza-dei-Vertex-9.jpg?resize=350%2C200&ssl=1","width":350,"height":200,"srcset":"https:\/\/i0.wp.com\/oldmanaries.it\/wp-content\/uploads\/2020\/06\/Lultima-speranza-dei-Vertex-9.jpg?resize=350%2C200&ssl=1 1x, https:\/\/i0.wp.com\/oldmanaries.it\/wp-content\/uploads\/2020\/06\/Lultima-speranza-dei-Vertex-9.jpg?resize=525%2C300&ssl=1 1.5x, https:\/\/i0.wp.com\/oldmanaries.it\/wp-content\/uploads\/2020\/06\/Lultima-speranza-dei-Vertex-9.jpg?resize=700%2C400&ssl=1 2x, https:\/\/i0.wp.com\/oldmanaries.it\/wp-content\/uploads\/2020\/06\/Lultima-speranza-dei-Vertex-9.jpg?resize=1050%2C600&ssl=1 3x, https:\/\/i0.wp.com\/oldmanaries.it\/wp-content\/uploads\/2020\/06\/Lultima-speranza-dei-Vertex-9.jpg?resize=1400%2C800&ssl=1 4x"},"classes":[]},{"id":8065,"url":"https:\/\/oldmanaries.it\/index.php\/2021\/02\/27\/35-comprensione\/","url_meta":{"origin":7948,"position":4},"title":"35. Comprensione","author":"Aries","date":"27 Febbraio 2021","format":false,"excerpt":"Quando il gruppo di Firan e Zalen arriva a Lowell, ci\u00f2 che gli amici e i loro compagni trovano ad attenderli \u00e8 pi\u00f9 desolante del previsto. O forse no? Quale che sia la vera situazione, \u00e8 giunto il momento di rivelare la verit\u00e0 sulla loro missione. Quali saranno le conseguenze?\u2026","rel":"","context":"In &quot;L'ultima speranza dei Vertex&quot;","block_context":{"text":"L'ultima speranza dei Vertex","link":"https:\/\/oldmanaries.it\/index.php\/category\/podcast\/lultima-speranza-dei-vertex\/"},"img":{"alt_text":"","src":"https:\/\/i0.wp.com\/oldmanaries.it\/wp-content\/uploads\/2020\/06\/Lultima-speranza-dei-Vertex-9.jpg?resize=350%2C200&ssl=1","width":350,"height":200,"srcset":"https:\/\/i0.wp.com\/oldmanaries.it\/wp-content\/uploads\/2020\/06\/Lultima-speranza-dei-Vertex-9.jpg?resize=350%2C200&ssl=1 1x, https:\/\/i0.wp.com\/oldmanaries.it\/wp-content\/uploads\/2020\/06\/Lultima-speranza-dei-Vertex-9.jpg?resize=525%2C300&ssl=1 1.5x, https:\/\/i0.wp.com\/oldmanaries.it\/wp-content\/uploads\/2020\/06\/Lultima-speranza-dei-Vertex-9.jpg?resize=700%2C400&ssl=1 2x, https:\/\/i0.wp.com\/oldmanaries.it\/wp-content\/uploads\/2020\/06\/Lultima-speranza-dei-Vertex-9.jpg?resize=1050%2C600&ssl=1 3x, https:\/\/i0.wp.com\/oldmanaries.it\/wp-content\/uploads\/2020\/06\/Lultima-speranza-dei-Vertex-9.jpg?resize=1400%2C800&ssl=1 4x"},"classes":[]},{"id":8089,"url":"https:\/\/oldmanaries.it\/index.php\/2021\/03\/27\/39-spalle-al-muro\/","url_meta":{"origin":7948,"position":5},"title":"39. Spalle al muro","author":"Aries","date":"27 Marzo 2021","format":false,"excerpt":"Il gruppo di Firan e Zalen si riunisce ai ribelli a Mesde, ma la situazione si mostra fin da subito disperata. Il Culto vuole sangue e le forze di chi sta resistendo sono ormai agli sgoccioli. Sar\u00e0 sufficiente il piano di Zalen per riuscire ad attaccare il Rifugio o la\u2026","rel":"","context":"In &quot;L'ultima speranza dei Vertex&quot;","block_context":{"text":"L'ultima speranza dei Vertex","link":"https:\/\/oldmanaries.it\/index.php\/category\/podcast\/lultima-speranza-dei-vertex\/"},"img":{"alt_text":"","src":"https:\/\/i0.wp.com\/oldmanaries.it\/wp-content\/uploads\/2020\/06\/Lultima-speranza-dei-Vertex-9.jpg?resize=350%2C200&ssl=1","width":350,"height":200,"srcset":"https:\/\/i0.wp.com\/oldmanaries.it\/wp-content\/uploads\/2020\/06\/Lultima-speranza-dei-Vertex-9.jpg?resize=350%2C200&ssl=1 1x, https:\/\/i0.wp.com\/oldmanaries.it\/wp-content\/uploads\/2020\/06\/Lultima-speranza-dei-Vertex-9.jpg?resize=525%2C300&ssl=1 1.5x, https:\/\/i0.wp.com\/oldmanaries.it\/wp-content\/uploads\/2020\/06\/Lultima-speranza-dei-Vertex-9.jpg?resize=700%2C400&ssl=1 2x, https:\/\/i0.wp.com\/oldmanaries.it\/wp-content\/uploads\/2020\/06\/Lultima-speranza-dei-Vertex-9.jpg?resize=1050%2C600&ssl=1 3x, https:\/\/i0.wp.com\/oldmanaries.it\/wp-content\/uploads\/2020\/06\/Lultima-speranza-dei-Vertex-9.jpg?resize=1400%2C800&ssl=1 4x"},"classes":[]}],"_links":{"self":[{"href":"https:\/\/oldmanaries.it\/index.php\/wp-json\/wp\/v2\/posts\/7948","targetHints":{"allow":["GET"]}}],"collection":[{"href":"https:\/\/oldmanaries.it\/index.php\/wp-json\/wp\/v2\/posts"}],"about":[{"href":"https:\/\/oldmanaries.it\/index.php\/wp-json\/wp\/v2\/types\/post"}],"author":[{"embeddable":true,"href":"https:\/\/oldmanaries.it\/index.php\/wp-json\/wp\/v2\/users\/1"}],"replies":[{"embeddable":true,"href":"https:\/\/oldmanaries.it\/index.php\/wp-json\/wp\/v2\/comments?post=7948"}],"version-history":[{"count":0,"href":"https:\/\/oldmanaries.it\/index.php\/wp-json\/wp\/v2\/posts\/7948\/revisions"}],"wp:featuredmedia":[{"embeddable":true,"href":"https:\/\/oldmanaries.it\/index.php\/wp-json\/wp\/v2\/media\/7681"}],"wp:attachment":[{"href":"https:\/\/oldmanaries.it\/index.php\/wp-json\/wp\/v2\/media?parent=7948"}],"wp:term":[{"taxonomy":"category","embeddable":true,"href":"https:\/\/oldmanaries.it\/index.php\/wp-json\/wp\/v2\/categories?post=7948"},{"taxonomy":"post_tag","embeddable":true,"href":"https:\/\/oldmanaries.it\/index.php\/wp-json\/wp\/v2\/tags?post=7948"}],"curies":[{"name":"wp","href":"https:\/\/api.w.org\/{rel}","templated":true}]}}