{"id":7850,"date":"2020-10-31T02:00:00","date_gmt":"2020-10-31T01:00:00","guid":{"rendered":"https:\/\/www.ariesblog.it\/?p=7850"},"modified":"2020-10-02T20:18:42","modified_gmt":"2020-10-02T18:18:42","slug":"18-una-pausa-imprevista","status":"publish","type":"post","link":"https:\/\/oldmanaries.it\/index.php\/2020\/10\/31\/18-una-pausa-imprevista\/","title":{"rendered":"18. Una pausa imprevista"},"content":{"rendered":"\n<p>Dopo gli eventi dello scorso capitolo e in vista dell&#8217;arrivo a Tiuna, il gruppo cerca un posto dove riposare e separarsi.<\/p>\n\n\n\n<p>Ma nel frattempo Eyrin deve fare i conti col trauma vissuto e le dinamiche del gruppo sono ancora estremamente delicate.<\/p>\n\n\n\n<p>E cos&#8217;\u00e8 quell&#8217;oggetto che incontrano in cammino?<\/p>\n\n\n\n<iframe loading=\"lazy\" src=\"https:\/\/widget.spreaker.com\/player?episode_id=41264908&#038;theme=light&#038;playlist=false&#038;playlist-continuous=false&#038;autoplay=false&#038;live-autoplay=false&#038;chapters-image=true&#038;episode_image_position=left&#038;hide-logo=false&#038;hide-likes=false&#038;hide-comments=false&#038;hide-sharing=false&#038;hide-download=true\" width=\"100%\" height=\"350px\" frameborder=\"0\"><\/iframe>\n\n\n\n<hr class=\"wp-block-separator\"\/>\n\n\n\n<p>Vi ricordo che andando su <a rel=\"noreferrer noopener\" href=\"https:\/\/www.buymeacoffee.com\/sferragin\" target=\"_blank\">https:\/\/www.buymeacoffee.com\/sferragin<\/a>a potete non solo offrirmi uno o pi\u00f9 caff\u00e8, ma diventare sostenitori di questo progetto: i sostenitori riceveranno ogni settimana la versione in pdf del capitolo uscito, oltre ovviamente a quelli precedenti!<\/p>\n\n\n\n<p><\/p>\n","protected":false},"excerpt":{"rendered":"<p>Dopo gli eventi dello scorso capitolo e in vista dell&#8217;arrivo a Tiuna, il gruppo cerca un posto dove riposare e separarsi. Ma nel frattempo Eyrin deve fare i conti col&#46;&#46;&#46;<\/p>\n","protected":false},"author":1,"featured_media":7681,"comment_status":"open","ping_status":"closed","sticky":false,"template":"","format":"standard","meta":{"_monsterinsights_skip_tracking":false,"_monsterinsights_sitenote_active":false,"_monsterinsights_sitenote_note":"","_monsterinsights_sitenote_category":0,"_s2mail":"","ngg_post_thumbnail":0,"jetpack_post_was_ever_published":false,"_jetpack_newsletter_access":"","_jetpack_dont_email_post_to_subs":false,"_jetpack_newsletter_tier_id":0,"_jetpack_memberships_contains_paywalled_content":false,"_jetpack_memberships_contains_paid_content":false,"footnotes":""},"categories":[347,238],"tags":[395,351,399,376,385,350,352,392,393,401,243,355,356,349,389,359],"class_list":["post-7850","post","type-post","status-publish","format-standard","has-post-thumbnail","hentry","category-lultima-speranza-dei-vertex","category-podcast","tag-asim","tag-audiolibro","tag-deinar","tag-extris","tag-eyrin","tag-fantascienza","tag-fantasy","tag-firan","tag-kerlan","tag-laguna","tag-podcast","tag-reinal","tag-selin","tag-vertex","tag-weren","tag-zalen"],"aioseo_notices":[],"jetpack_featured_media_url":"https:\/\/oldmanaries.it\/wp-content\/uploads\/2020\/06\/Lultima-speranza-dei-Vertex-9.jpg","jetpack_sharing_enabled":true,"jetpack_shortlink":"https:\/\/wp.me\/p8QUWp-22C","jetpack_likes_enabled":true,"jetpack-related-posts":[{"id":7847,"url":"https:\/\/oldmanaries.it\/index.php\/2020\/10\/24\/17-uma\/","url_meta":{"origin":7850,"position":0},"title":"17. Uma","author":"Aries","date":"24 Ottobre 2020","format":false,"excerpt":"Il colpo di scena alla fine dello scorso capitolo avr\u00e0 per forza di cose conseguenze importanti. Come ha fatto Deinar a ritrovarsi in mezzo a quel gruppo di Accoliti? Ci si potr\u00e0 fidare di lui? Quali saranno le nuove dinamiche nel gruppo? Per rispondere a questo e molto altro un\u2026","rel":"","context":"In &quot;L'ultima speranza dei Vertex&quot;","block_context":{"text":"L'ultima speranza dei Vertex","link":"https:\/\/oldmanaries.it\/index.php\/category\/podcast\/lultima-speranza-dei-vertex\/"},"img":{"alt_text":"","src":"https:\/\/i0.wp.com\/oldmanaries.it\/wp-content\/uploads\/2020\/06\/Lultima-speranza-dei-Vertex-9.jpg?resize=350%2C200&ssl=1","width":350,"height":200,"srcset":"https:\/\/i0.wp.com\/oldmanaries.it\/wp-content\/uploads\/2020\/06\/Lultima-speranza-dei-Vertex-9.jpg?resize=350%2C200&ssl=1 1x, https:\/\/i0.wp.com\/oldmanaries.it\/wp-content\/uploads\/2020\/06\/Lultima-speranza-dei-Vertex-9.jpg?resize=525%2C300&ssl=1 1.5x, https:\/\/i0.wp.com\/oldmanaries.it\/wp-content\/uploads\/2020\/06\/Lultima-speranza-dei-Vertex-9.jpg?resize=700%2C400&ssl=1 2x, https:\/\/i0.wp.com\/oldmanaries.it\/wp-content\/uploads\/2020\/06\/Lultima-speranza-dei-Vertex-9.jpg?resize=1050%2C600&ssl=1 3x, https:\/\/i0.wp.com\/oldmanaries.it\/wp-content\/uploads\/2020\/06\/Lultima-speranza-dei-Vertex-9.jpg?resize=1400%2C800&ssl=1 4x"},"classes":[]},{"id":7795,"url":"https:\/\/oldmanaries.it\/index.php\/2020\/09\/12\/11-allo-scoperto\/","url_meta":{"origin":7850,"position":1},"title":"11. Allo Scoperto","author":"Aries","date":"12 Settembre 2020","format":false,"excerpt":"La resa dei conti ha inizio qui. Il ritorno di un gruppo di Cacciatori fa precipitare la situazione e Jofix agisce per provare a salvare Laveg. Riusciranno i nostri amici a convincerlo della verit\u00e0? O le loro vite verranno messe maggiormente in pericolo? Ed Eyrin quali parti prender\u00e0? Continua il\u2026","rel":"","context":"In &quot;L'ultima speranza dei Vertex&quot;","block_context":{"text":"L'ultima speranza dei Vertex","link":"https:\/\/oldmanaries.it\/index.php\/category\/podcast\/lultima-speranza-dei-vertex\/"},"img":{"alt_text":"","src":"https:\/\/i0.wp.com\/oldmanaries.it\/wp-content\/uploads\/2020\/06\/Lultima-speranza-dei-Vertex-9.jpg?resize=350%2C200&ssl=1","width":350,"height":200,"srcset":"https:\/\/i0.wp.com\/oldmanaries.it\/wp-content\/uploads\/2020\/06\/Lultima-speranza-dei-Vertex-9.jpg?resize=350%2C200&ssl=1 1x, https:\/\/i0.wp.com\/oldmanaries.it\/wp-content\/uploads\/2020\/06\/Lultima-speranza-dei-Vertex-9.jpg?resize=525%2C300&ssl=1 1.5x, https:\/\/i0.wp.com\/oldmanaries.it\/wp-content\/uploads\/2020\/06\/Lultima-speranza-dei-Vertex-9.jpg?resize=700%2C400&ssl=1 2x, https:\/\/i0.wp.com\/oldmanaries.it\/wp-content\/uploads\/2020\/06\/Lultima-speranza-dei-Vertex-9.jpg?resize=1050%2C600&ssl=1 3x, https:\/\/i0.wp.com\/oldmanaries.it\/wp-content\/uploads\/2020\/06\/Lultima-speranza-dei-Vertex-9.jpg?resize=1400%2C800&ssl=1 4x"},"classes":[]},{"id":7976,"url":"https:\/\/oldmanaries.it\/index.php\/2021\/01\/23\/30-traditori-e-amici\/","url_meta":{"origin":7850,"position":2},"title":"30. Traditori e Amici","author":"Aries","date":"23 Gennaio 2021","format":false,"excerpt":"Con gli uomini del gruppo imprigionati ad Anaca, Eyrin, Reinal e Jera devono trovare un modo per fuggire dall'Unit\u00e0 e ripartire. La Kwinn sar\u00e0 un'alleata o un ostacolo? E il Culto \u00e8 davvero cos\u00ec lontano? Vi ricordo che andando su https:\/\/www.buymeacoffee.com\/sferragina potete non solo offrirmi uno o pi\u00f9 caff\u00e8, ma\u2026","rel":"","context":"In &quot;L'ultima speranza dei Vertex&quot;","block_context":{"text":"L'ultima speranza dei Vertex","link":"https:\/\/oldmanaries.it\/index.php\/category\/podcast\/lultima-speranza-dei-vertex\/"},"img":{"alt_text":"","src":"https:\/\/i0.wp.com\/oldmanaries.it\/wp-content\/uploads\/2020\/06\/Lultima-speranza-dei-Vertex-9.jpg?resize=350%2C200&ssl=1","width":350,"height":200,"srcset":"https:\/\/i0.wp.com\/oldmanaries.it\/wp-content\/uploads\/2020\/06\/Lultima-speranza-dei-Vertex-9.jpg?resize=350%2C200&ssl=1 1x, https:\/\/i0.wp.com\/oldmanaries.it\/wp-content\/uploads\/2020\/06\/Lultima-speranza-dei-Vertex-9.jpg?resize=525%2C300&ssl=1 1.5x, https:\/\/i0.wp.com\/oldmanaries.it\/wp-content\/uploads\/2020\/06\/Lultima-speranza-dei-Vertex-9.jpg?resize=700%2C400&ssl=1 2x, https:\/\/i0.wp.com\/oldmanaries.it\/wp-content\/uploads\/2020\/06\/Lultima-speranza-dei-Vertex-9.jpg?resize=1050%2C600&ssl=1 3x, https:\/\/i0.wp.com\/oldmanaries.it\/wp-content\/uploads\/2020\/06\/Lultima-speranza-dei-Vertex-9.jpg?resize=1400%2C800&ssl=1 4x"},"classes":[]},{"id":7817,"url":"https:\/\/oldmanaries.it\/index.php\/2020\/09\/19\/12-sotto-attacco\/","url_meta":{"origin":7850,"position":3},"title":"12. Sotto Attacco.","author":"Aries","date":"19 Settembre 2020","format":false,"excerpt":"Termina qui la permanenza a Laveg, ma come ne usciranno i personaggi? L'attacco del Culto \u00e8 selvaggio e la sopravvivenza sembra sempre pi\u00f9 improbabile: impossibile salvarsi senza lottare, ma sar\u00e0 sufficiente? Ed Eyrin sar\u00e0 ora un'alleata o una nemica? Si conclude con questo capitolo la seconda parte de L'ultima speranza\u2026","rel":"","context":"In &quot;L'ultima speranza dei Vertex&quot;","block_context":{"text":"L'ultima speranza dei Vertex","link":"https:\/\/oldmanaries.it\/index.php\/category\/podcast\/lultima-speranza-dei-vertex\/"},"img":{"alt_text":"","src":"https:\/\/i0.wp.com\/oldmanaries.it\/wp-content\/uploads\/2020\/06\/Lultima-speranza-dei-Vertex-9.jpg?resize=350%2C200&ssl=1","width":350,"height":200,"srcset":"https:\/\/i0.wp.com\/oldmanaries.it\/wp-content\/uploads\/2020\/06\/Lultima-speranza-dei-Vertex-9.jpg?resize=350%2C200&ssl=1 1x, https:\/\/i0.wp.com\/oldmanaries.it\/wp-content\/uploads\/2020\/06\/Lultima-speranza-dei-Vertex-9.jpg?resize=525%2C300&ssl=1 1.5x, https:\/\/i0.wp.com\/oldmanaries.it\/wp-content\/uploads\/2020\/06\/Lultima-speranza-dei-Vertex-9.jpg?resize=700%2C400&ssl=1 2x, https:\/\/i0.wp.com\/oldmanaries.it\/wp-content\/uploads\/2020\/06\/Lultima-speranza-dei-Vertex-9.jpg?resize=1050%2C600&ssl=1 3x, https:\/\/i0.wp.com\/oldmanaries.it\/wp-content\/uploads\/2020\/06\/Lultima-speranza-dei-Vertex-9.jpg?resize=1400%2C800&ssl=1 4x"},"classes":[]},{"id":7840,"url":"https:\/\/oldmanaries.it\/index.php\/2020\/10\/17\/16-di-nuovo-in-viaggio\/","url_meta":{"origin":7850,"position":4},"title":"16. Di nuovo in viaggio","author":"Aries","date":"17 Ottobre 2020","format":false,"excerpt":"Se pensavate che il viaggio dei nostri protagonisti potesse procedere serenamente vi eravate illusi. Una notte di riposo si trasformer\u00e0 in un inferno che metter\u00e0 a dura prova Eyrin, Reinal e gli altri, come la lunghezza di questo capitolo pu\u00f2 lasciare ad intendere. Riusciranno a cavarsela o subiranno nuove perdite?\u2026","rel":"","context":"In &quot;L'ultima speranza dei Vertex&quot;","block_context":{"text":"L'ultima speranza dei Vertex","link":"https:\/\/oldmanaries.it\/index.php\/category\/podcast\/lultima-speranza-dei-vertex\/"},"img":{"alt_text":"","src":"https:\/\/i0.wp.com\/oldmanaries.it\/wp-content\/uploads\/2020\/06\/Lultima-speranza-dei-Vertex-9.jpg?resize=350%2C200&ssl=1","width":350,"height":200,"srcset":"https:\/\/i0.wp.com\/oldmanaries.it\/wp-content\/uploads\/2020\/06\/Lultima-speranza-dei-Vertex-9.jpg?resize=350%2C200&ssl=1 1x, https:\/\/i0.wp.com\/oldmanaries.it\/wp-content\/uploads\/2020\/06\/Lultima-speranza-dei-Vertex-9.jpg?resize=525%2C300&ssl=1 1.5x, https:\/\/i0.wp.com\/oldmanaries.it\/wp-content\/uploads\/2020\/06\/Lultima-speranza-dei-Vertex-9.jpg?resize=700%2C400&ssl=1 2x, https:\/\/i0.wp.com\/oldmanaries.it\/wp-content\/uploads\/2020\/06\/Lultima-speranza-dei-Vertex-9.jpg?resize=1050%2C600&ssl=1 3x, https:\/\/i0.wp.com\/oldmanaries.it\/wp-content\/uploads\/2020\/06\/Lultima-speranza-dei-Vertex-9.jpg?resize=1400%2C800&ssl=1 4x"},"classes":[]},{"id":7836,"url":"https:\/\/oldmanaries.it\/index.php\/2020\/10\/10\/15-pix\/","url_meta":{"origin":7850,"position":5},"title":"15 Pix","author":"Aries","date":"10 Ottobre 2020","format":false,"excerpt":"Le strade di Firan e Kerlan e quelle di Eyrin e degli altri si incrociano a Pix, la localit\u00e0 pi\u00f9 malfamata delle terre conosciute. Cosa potrebbe andare storto? Vi ricordo che potete sostenermi offrendomi un caff\u00e8 e, se decidete di fare una donazione mensile di 4 euro, otterrete ogni settimana\u2026","rel":"","context":"In &quot;L'ultima speranza dei Vertex&quot;","block_context":{"text":"L'ultima speranza dei Vertex","link":"https:\/\/oldmanaries.it\/index.php\/category\/podcast\/lultima-speranza-dei-vertex\/"},"img":{"alt_text":"","src":"https:\/\/i0.wp.com\/oldmanaries.it\/wp-content\/uploads\/2020\/06\/Lultima-speranza-dei-Vertex-9.jpg?resize=350%2C200&ssl=1","width":350,"height":200,"srcset":"https:\/\/i0.wp.com\/oldmanaries.it\/wp-content\/uploads\/2020\/06\/Lultima-speranza-dei-Vertex-9.jpg?resize=350%2C200&ssl=1 1x, https:\/\/i0.wp.com\/oldmanaries.it\/wp-content\/uploads\/2020\/06\/Lultima-speranza-dei-Vertex-9.jpg?resize=525%2C300&ssl=1 1.5x, https:\/\/i0.wp.com\/oldmanaries.it\/wp-content\/uploads\/2020\/06\/Lultima-speranza-dei-Vertex-9.jpg?resize=700%2C400&ssl=1 2x, https:\/\/i0.wp.com\/oldmanaries.it\/wp-content\/uploads\/2020\/06\/Lultima-speranza-dei-Vertex-9.jpg?resize=1050%2C600&ssl=1 3x, https:\/\/i0.wp.com\/oldmanaries.it\/wp-content\/uploads\/2020\/06\/Lultima-speranza-dei-Vertex-9.jpg?resize=1400%2C800&ssl=1 4x"},"classes":[]}],"_links":{"self":[{"href":"https:\/\/oldmanaries.it\/index.php\/wp-json\/wp\/v2\/posts\/7850","targetHints":{"allow":["GET"]}}],"collection":[{"href":"https:\/\/oldmanaries.it\/index.php\/wp-json\/wp\/v2\/posts"}],"about":[{"href":"https:\/\/oldmanaries.it\/index.php\/wp-json\/wp\/v2\/types\/post"}],"author":[{"embeddable":true,"href":"https:\/\/oldmanaries.it\/index.php\/wp-json\/wp\/v2\/users\/1"}],"replies":[{"embeddable":true,"href":"https:\/\/oldmanaries.it\/index.php\/wp-json\/wp\/v2\/comments?post=7850"}],"version-history":[{"count":0,"href":"https:\/\/oldmanaries.it\/index.php\/wp-json\/wp\/v2\/posts\/7850\/revisions"}],"wp:featuredmedia":[{"embeddable":true,"href":"https:\/\/oldmanaries.it\/index.php\/wp-json\/wp\/v2\/media\/7681"}],"wp:attachment":[{"href":"https:\/\/oldmanaries.it\/index.php\/wp-json\/wp\/v2\/media?parent=7850"}],"wp:term":[{"taxonomy":"category","embeddable":true,"href":"https:\/\/oldmanaries.it\/index.php\/wp-json\/wp\/v2\/categories?post=7850"},{"taxonomy":"post_tag","embeddable":true,"href":"https:\/\/oldmanaries.it\/index.php\/wp-json\/wp\/v2\/tags?post=7850"}],"curies":[{"name":"wp","href":"https:\/\/api.w.org\/{rel}","templated":true}]}}