{"id":7750,"date":"2020-08-22T02:00:00","date_gmt":"2020-08-22T00:00:00","guid":{"rendered":"https:\/\/www.ariesblog.it\/?p=7750"},"modified":"2020-08-04T17:36:50","modified_gmt":"2020-08-04T15:36:50","slug":"8-incontri","status":"publish","type":"post","link":"https:\/\/oldmanaries.it\/index.php\/2020\/08\/22\/8-incontri\/","title":{"rendered":"8. Incontri"},"content":{"rendered":"\n<p>Zalen \u00e8 rimasto piuttosto scosso da ci\u00f2 che ha visto nello scorso capitolo, ma non c&#8217;\u00e8 tempo per metabolizzare: il cammino deve proseguire, ma quanto meno giunge una nuova scoperta in aiuto dei protagonisti.<\/p>\n\n\n\n<p>Dato, per\u00f2, che non si pu\u00f2 mai stare tranquilli, arrivano i primi incontri che potrebbero rappresentare enormi ostacoli sul proseguimento del viaggio.<\/p>\n\n\n\n<p>Come non bastasse, cosa sono quei momenti di assenza di Selin?<\/p>\n\n\n\n<p><strong>Nuovo Quiz<\/strong>:<br \/>come prevedibile ancora nessuno \u00e8 riuscito a identificare dove si trovi Grake. Alla fine di questo episodio viene nominata una nuova Unit\u00e0 il cui nome potrebbe suggerire non solo a cosa corrisponda questa nel nostro mondo, ma anche in che zona ci troviamo e quindi fornire indizi per Grake.<\/p>\n\n\n\n<p>Non solo: sempre alla fine compare un personaggio il cui nome \u00e8 un omaggio a un eroe dei fumetti, strettamente legato alla citt\u00e0 antenata della nuova Unit\u00e0. Sapete dire chi \u00e8 e qual \u00e8 la citt\u00e0? A chi sapr\u00e0 rispondere andr\u00e0 una menzione qui, nei dettagli e nei titoli di coda di un futuro capitolo.<\/p>\n\n\n\n<iframe loading=\"lazy\" src=\"https:\/\/widget.spreaker.com\/player?episode_id=40139928&#038;theme=light&#038;playlist=false&#038;playlist-continuous=false&#038;autoplay=false&#038;live-autoplay=false&#038;chapters-image=true&#038;episode_image_position=left&#038;hide-logo=false&#038;hide-likes=false&#038;hide-comments=false&#038;hide-sharing=false&#038;hide-download=true\" width=\"100%\" height=\"350px\" frameborder=\"0\"><\/iframe>\n","protected":false},"excerpt":{"rendered":"<p>Zalen \u00e8 rimasto piuttosto scosso da ci\u00f2 che ha visto nello scorso capitolo, ma non c&#8217;\u00e8 tempo per metabolizzare: il cammino deve proseguire, ma quanto meno giunge una nuova scoperta&#46;&#46;&#46;<\/p>\n","protected":false},"author":1,"featured_media":7681,"comment_status":"open","ping_status":"closed","sticky":false,"template":"","format":"standard","meta":{"_monsterinsights_skip_tracking":false,"_monsterinsights_sitenote_active":false,"_monsterinsights_sitenote_note":"","_monsterinsights_sitenote_category":0,"_s2mail":"","ngg_post_thumbnail":0,"jetpack_post_was_ever_published":false,"_jetpack_newsletter_access":"","_jetpack_dont_email_post_to_subs":false,"_jetpack_newsletter_tier_id":0,"_jetpack_memberships_contains_paywalled_content":false,"_jetpack_memberships_contains_paid_content":false,"footnotes":""},"categories":[347,238],"tags":[351,381,380,360,382,383,243,355,356,349,359],"class_list":["post-7750","post","type-post","status-publish","format-standard","has-post-thumbnail","hentry","category-lultima-speranza-dei-vertex","category-podcast","tag-audiolibro","tag-bactrios","tag-capitolo-8","tag-hagal","tag-jofix","tag-laveg","tag-podcast","tag-reinal","tag-selin","tag-vertex","tag-zalen"],"aioseo_notices":[],"jetpack_featured_media_url":"https:\/\/oldmanaries.it\/wp-content\/uploads\/2020\/06\/Lultima-speranza-dei-Vertex-9.jpg","jetpack_sharing_enabled":true,"jetpack_shortlink":"https:\/\/wp.me\/p8QUWp-210","jetpack_likes_enabled":true,"jetpack-related-posts":[{"id":7761,"url":"https:\/\/oldmanaries.it\/index.php\/2020\/08\/29\/9-accoglienza\/","url_meta":{"origin":7750,"position":0},"title":"9. Accoglienza","author":"Aries","date":"29 Agosto 2020","format":false,"excerpt":"I viaggiatori, costretti a Laveg, si trovano di fronte a un'Unit\u00e0 ben diversa da Grake, dove i Vertex hanno un ruolo ben definito e piuttosto inquietante. Cosa rischia Selin in questo luogo e cosa vuole davvero Jofix dai quattro? Il gruppo avr\u00e0 un primo, amaro, assaggio di quanto Grake fosse\u2026","rel":"","context":"In &quot;L'ultima speranza dei Vertex&quot;","block_context":{"text":"L'ultima speranza dei Vertex","link":"https:\/\/oldmanaries.it\/index.php\/category\/podcast\/lultima-speranza-dei-vertex\/"},"img":{"alt_text":"","src":"https:\/\/i0.wp.com\/oldmanaries.it\/wp-content\/uploads\/2020\/06\/Lultima-speranza-dei-Vertex-9.jpg?resize=350%2C200&ssl=1","width":350,"height":200,"srcset":"https:\/\/i0.wp.com\/oldmanaries.it\/wp-content\/uploads\/2020\/06\/Lultima-speranza-dei-Vertex-9.jpg?resize=350%2C200&ssl=1 1x, https:\/\/i0.wp.com\/oldmanaries.it\/wp-content\/uploads\/2020\/06\/Lultima-speranza-dei-Vertex-9.jpg?resize=525%2C300&ssl=1 1.5x, https:\/\/i0.wp.com\/oldmanaries.it\/wp-content\/uploads\/2020\/06\/Lultima-speranza-dei-Vertex-9.jpg?resize=700%2C400&ssl=1 2x, https:\/\/i0.wp.com\/oldmanaries.it\/wp-content\/uploads\/2020\/06\/Lultima-speranza-dei-Vertex-9.jpg?resize=1050%2C600&ssl=1 3x, https:\/\/i0.wp.com\/oldmanaries.it\/wp-content\/uploads\/2020\/06\/Lultima-speranza-dei-Vertex-9.jpg?resize=1400%2C800&ssl=1 4x"},"classes":[]},{"id":7744,"url":"https:\/\/oldmanaries.it\/index.php\/2020\/08\/08\/cap-6-conseguenze\/","url_meta":{"origin":7750,"position":1},"title":"6. Conseguenze","author":"Aries","date":"8 Agosto 2020","format":false,"excerpt":"Anzitutto devo continuare a ringraziarvi. Nel momento in cui scrivo (il 30 luglio) su Apple Podcast ci sono ben sedici valutazioni con una media di 5 stelle, tutti gli episodi sono in classifica e abbiamo raggiunto i 400 ascolti. Magari sono traguardi piccoli, ma ne vado estremamente fiero e mi\u2026","rel":"","context":"In &quot;L'ultima speranza dei Vertex&quot;","block_context":{"text":"L'ultima speranza dei Vertex","link":"https:\/\/oldmanaries.it\/index.php\/category\/podcast\/lultima-speranza-dei-vertex\/"},"img":{"alt_text":"","src":"https:\/\/i0.wp.com\/oldmanaries.it\/wp-content\/uploads\/2020\/06\/Lultima-speranza-dei-Vertex-9.jpg?resize=350%2C200&ssl=1","width":350,"height":200,"srcset":"https:\/\/i0.wp.com\/oldmanaries.it\/wp-content\/uploads\/2020\/06\/Lultima-speranza-dei-Vertex-9.jpg?resize=350%2C200&ssl=1 1x, https:\/\/i0.wp.com\/oldmanaries.it\/wp-content\/uploads\/2020\/06\/Lultima-speranza-dei-Vertex-9.jpg?resize=525%2C300&ssl=1 1.5x, https:\/\/i0.wp.com\/oldmanaries.it\/wp-content\/uploads\/2020\/06\/Lultima-speranza-dei-Vertex-9.jpg?resize=700%2C400&ssl=1 2x, https:\/\/i0.wp.com\/oldmanaries.it\/wp-content\/uploads\/2020\/06\/Lultima-speranza-dei-Vertex-9.jpg?resize=1050%2C600&ssl=1 3x, https:\/\/i0.wp.com\/oldmanaries.it\/wp-content\/uploads\/2020\/06\/Lultima-speranza-dei-Vertex-9.jpg?resize=1400%2C800&ssl=1 4x"},"classes":[]},{"id":7748,"url":"https:\/\/oldmanaries.it\/index.php\/2020\/08\/15\/7-in-cammino\/","url_meta":{"origin":7750,"position":2},"title":"7. In Cammino","author":"Aries","date":"15 Agosto 2020","format":false,"excerpt":"Ignari degli eventi che si sono lasciati alle spalle, Reinal e gli altri iniziano il loro cammino. Mentre scopriamo finalmente il legame tra i Custodi e quei Melvin e Ben incontrati nel prologo, la necessit\u00e0 di cercare provviste e mezzi di trasporto porter\u00e0 Zalen a un primo, difficile, incontro con\u2026","rel":"","context":"In &quot;L'ultima speranza dei Vertex&quot;","block_context":{"text":"L'ultima speranza dei Vertex","link":"https:\/\/oldmanaries.it\/index.php\/category\/podcast\/lultima-speranza-dei-vertex\/"},"img":{"alt_text":"","src":"https:\/\/i0.wp.com\/oldmanaries.it\/wp-content\/uploads\/2020\/06\/Lultima-speranza-dei-Vertex-9.jpg?resize=350%2C200&ssl=1","width":350,"height":200,"srcset":"https:\/\/i0.wp.com\/oldmanaries.it\/wp-content\/uploads\/2020\/06\/Lultima-speranza-dei-Vertex-9.jpg?resize=350%2C200&ssl=1 1x, https:\/\/i0.wp.com\/oldmanaries.it\/wp-content\/uploads\/2020\/06\/Lultima-speranza-dei-Vertex-9.jpg?resize=525%2C300&ssl=1 1.5x, https:\/\/i0.wp.com\/oldmanaries.it\/wp-content\/uploads\/2020\/06\/Lultima-speranza-dei-Vertex-9.jpg?resize=700%2C400&ssl=1 2x, https:\/\/i0.wp.com\/oldmanaries.it\/wp-content\/uploads\/2020\/06\/Lultima-speranza-dei-Vertex-9.jpg?resize=1050%2C600&ssl=1 3x, https:\/\/i0.wp.com\/oldmanaries.it\/wp-content\/uploads\/2020\/06\/Lultima-speranza-dei-Vertex-9.jpg?resize=1400%2C800&ssl=1 4x"},"classes":[]},{"id":7817,"url":"https:\/\/oldmanaries.it\/index.php\/2020\/09\/19\/12-sotto-attacco\/","url_meta":{"origin":7750,"position":3},"title":"12. Sotto Attacco.","author":"Aries","date":"19 Settembre 2020","format":false,"excerpt":"Termina qui la permanenza a Laveg, ma come ne usciranno i personaggi? L'attacco del Culto \u00e8 selvaggio e la sopravvivenza sembra sempre pi\u00f9 improbabile: impossibile salvarsi senza lottare, ma sar\u00e0 sufficiente? Ed Eyrin sar\u00e0 ora un'alleata o una nemica? Si conclude con questo capitolo la seconda parte de L'ultima speranza\u2026","rel":"","context":"In &quot;L'ultima speranza dei Vertex&quot;","block_context":{"text":"L'ultima speranza dei Vertex","link":"https:\/\/oldmanaries.it\/index.php\/category\/podcast\/lultima-speranza-dei-vertex\/"},"img":{"alt_text":"","src":"https:\/\/i0.wp.com\/oldmanaries.it\/wp-content\/uploads\/2020\/06\/Lultima-speranza-dei-Vertex-9.jpg?resize=350%2C200&ssl=1","width":350,"height":200,"srcset":"https:\/\/i0.wp.com\/oldmanaries.it\/wp-content\/uploads\/2020\/06\/Lultima-speranza-dei-Vertex-9.jpg?resize=350%2C200&ssl=1 1x, https:\/\/i0.wp.com\/oldmanaries.it\/wp-content\/uploads\/2020\/06\/Lultima-speranza-dei-Vertex-9.jpg?resize=525%2C300&ssl=1 1.5x, https:\/\/i0.wp.com\/oldmanaries.it\/wp-content\/uploads\/2020\/06\/Lultima-speranza-dei-Vertex-9.jpg?resize=700%2C400&ssl=1 2x, https:\/\/i0.wp.com\/oldmanaries.it\/wp-content\/uploads\/2020\/06\/Lultima-speranza-dei-Vertex-9.jpg?resize=1050%2C600&ssl=1 3x, https:\/\/i0.wp.com\/oldmanaries.it\/wp-content\/uploads\/2020\/06\/Lultima-speranza-dei-Vertex-9.jpg?resize=1400%2C800&ssl=1 4x"},"classes":[]},{"id":7738,"url":"https:\/\/oldmanaries.it\/index.php\/2020\/08\/01\/5-decisioni\/","url_meta":{"origin":7750,"position":4},"title":"5. Decisioni","author":"Aries","date":"1 Agosto 2020","format":false,"excerpt":"Scrivo questo post il 24 luglio e, in questo momento, L'ultima speranza dei Vertex ha superato i 330 ascolti che, per un progetto come questo, nato con le sole mie forze, \u00e8 un numero che mi emoziona e rende grato. Per questo grazie a tutti e, mi raccomando, se vi\u2026","rel":"","context":"In &quot;L'ultima speranza dei Vertex&quot;","block_context":{"text":"L'ultima speranza dei Vertex","link":"https:\/\/oldmanaries.it\/index.php\/category\/podcast\/lultima-speranza-dei-vertex\/"},"img":{"alt_text":"","src":"https:\/\/i0.wp.com\/oldmanaries.it\/wp-content\/uploads\/2020\/06\/Lultima-speranza-dei-Vertex-9.jpg?resize=350%2C200&ssl=1","width":350,"height":200,"srcset":"https:\/\/i0.wp.com\/oldmanaries.it\/wp-content\/uploads\/2020\/06\/Lultima-speranza-dei-Vertex-9.jpg?resize=350%2C200&ssl=1 1x, https:\/\/i0.wp.com\/oldmanaries.it\/wp-content\/uploads\/2020\/06\/Lultima-speranza-dei-Vertex-9.jpg?resize=525%2C300&ssl=1 1.5x, https:\/\/i0.wp.com\/oldmanaries.it\/wp-content\/uploads\/2020\/06\/Lultima-speranza-dei-Vertex-9.jpg?resize=700%2C400&ssl=1 2x, https:\/\/i0.wp.com\/oldmanaries.it\/wp-content\/uploads\/2020\/06\/Lultima-speranza-dei-Vertex-9.jpg?resize=1050%2C600&ssl=1 3x, https:\/\/i0.wp.com\/oldmanaries.it\/wp-content\/uploads\/2020\/06\/Lultima-speranza-dei-Vertex-9.jpg?resize=1400%2C800&ssl=1 4x"},"classes":[]},{"id":8093,"url":"https:\/\/oldmanaries.it\/index.php\/2021\/04\/03\/40-incontri-e-scontri\/","url_meta":{"origin":7750,"position":5},"title":"40. Incontri e scontri","author":"Aries","date":"3 Aprile 2021","format":false,"excerpt":"Strade troppo a lungo separate tornano a incrociarsi in vista del capitolo finale della prossima settimana. Se volevate sapere cosa sarebbe accaduto quando Firan e Deinar si fossero rincrociati, la risposta \u00e8 qui. Se volevate assistere al rincontro tra Selin e Asim, sarete accontentati. E Reinal ed Eyrin? Li avevamo\u2026","rel":"","context":"In &quot;L'ultima speranza dei Vertex&quot;","block_context":{"text":"L'ultima speranza dei Vertex","link":"https:\/\/oldmanaries.it\/index.php\/category\/podcast\/lultima-speranza-dei-vertex\/"},"img":{"alt_text":"","src":"https:\/\/i0.wp.com\/oldmanaries.it\/wp-content\/uploads\/2020\/06\/Lultima-speranza-dei-Vertex-9.jpg?resize=350%2C200&ssl=1","width":350,"height":200,"srcset":"https:\/\/i0.wp.com\/oldmanaries.it\/wp-content\/uploads\/2020\/06\/Lultima-speranza-dei-Vertex-9.jpg?resize=350%2C200&ssl=1 1x, https:\/\/i0.wp.com\/oldmanaries.it\/wp-content\/uploads\/2020\/06\/Lultima-speranza-dei-Vertex-9.jpg?resize=525%2C300&ssl=1 1.5x, https:\/\/i0.wp.com\/oldmanaries.it\/wp-content\/uploads\/2020\/06\/Lultima-speranza-dei-Vertex-9.jpg?resize=700%2C400&ssl=1 2x, https:\/\/i0.wp.com\/oldmanaries.it\/wp-content\/uploads\/2020\/06\/Lultima-speranza-dei-Vertex-9.jpg?resize=1050%2C600&ssl=1 3x, https:\/\/i0.wp.com\/oldmanaries.it\/wp-content\/uploads\/2020\/06\/Lultima-speranza-dei-Vertex-9.jpg?resize=1400%2C800&ssl=1 4x"},"classes":[]}],"_links":{"self":[{"href":"https:\/\/oldmanaries.it\/index.php\/wp-json\/wp\/v2\/posts\/7750","targetHints":{"allow":["GET"]}}],"collection":[{"href":"https:\/\/oldmanaries.it\/index.php\/wp-json\/wp\/v2\/posts"}],"about":[{"href":"https:\/\/oldmanaries.it\/index.php\/wp-json\/wp\/v2\/types\/post"}],"author":[{"embeddable":true,"href":"https:\/\/oldmanaries.it\/index.php\/wp-json\/wp\/v2\/users\/1"}],"replies":[{"embeddable":true,"href":"https:\/\/oldmanaries.it\/index.php\/wp-json\/wp\/v2\/comments?post=7750"}],"version-history":[{"count":0,"href":"https:\/\/oldmanaries.it\/index.php\/wp-json\/wp\/v2\/posts\/7750\/revisions"}],"wp:featuredmedia":[{"embeddable":true,"href":"https:\/\/oldmanaries.it\/index.php\/wp-json\/wp\/v2\/media\/7681"}],"wp:attachment":[{"href":"https:\/\/oldmanaries.it\/index.php\/wp-json\/wp\/v2\/media?parent=7750"}],"wp:term":[{"taxonomy":"category","embeddable":true,"href":"https:\/\/oldmanaries.it\/index.php\/wp-json\/wp\/v2\/categories?post=7750"},{"taxonomy":"post_tag","embeddable":true,"href":"https:\/\/oldmanaries.it\/index.php\/wp-json\/wp\/v2\/tags?post=7750"}],"curies":[{"name":"wp","href":"https:\/\/api.w.org\/{rel}","templated":true}]}}