{"id":7744,"date":"2020-08-08T02:00:00","date_gmt":"2020-08-08T00:00:00","guid":{"rendered":"https:\/\/www.ariesblog.it\/?p=7744"},"modified":"2020-08-03T17:42:57","modified_gmt":"2020-08-03T15:42:57","slug":"cap-6-conseguenze","status":"publish","type":"post","link":"https:\/\/oldmanaries.it\/index.php\/2020\/08\/08\/cap-6-conseguenze\/","title":{"rendered":"6. Conseguenze"},"content":{"rendered":"\n<p>Anzitutto devo continuare a ringraziarvi. Nel momento in cui scrivo (il 30 luglio) su Apple Podcast ci sono ben sedici valutazioni con una media di 5 stelle, tutti gli episodi sono in classifica e abbiamo raggiunto i 400 ascolti.<\/p>\n\n\n\n<p>Magari sono traguardi piccoli, ma ne vado estremamente fiero e mi raccomando: potete supportarmi aggiungendo valutazioni, offrendomi un caff\u00e8 col pulsante qui sotto o semplicemente facendo conoscere il podcast a chiunque pensiate possa apprezzarlo.<\/p>\n\n\n\n<p>Ma basta coi convenevoli, anche perch\u00e9 oggi potreste odiarmi (di nuovo) un po&#8217;.<\/p>\n\n\n\n<p>Infatti, mentre Reinal, Selin e Zalen sono partiti con Zalen, rispondiamo alla domanda: cosa lasciano dietro di loro?<\/p>\n\n\n\n<p>Grake sar\u00e0 al sicuro ora?<\/p>\n\n\n\n<p>E quali saranno le prossime mosse della Guida?<\/p>\n\n\n\n<p>Tutte le risposte sono qui, nel capitolo che rappresenta l&#8217;ultimo interludio prima di affrontare il viaggio con Reinal e gli altri.<\/p>\n\n\n\n<p>Vi aspetto tra una settimana!<\/p>\n\n\n\n<iframe loading=\"lazy\" src=\"https:\/\/widget.spreaker.com\/player?episode_id=40059397&amp;theme=light&amp;playlist=false&amp;playlist-continuous=false&amp;autoplay=false&amp;live-autoplay=false&amp;chapters-image=true&amp;episode_image_position=left&amp;hide-logo=false&amp;hide-likes=false&amp;hide-comments=false&amp;hide-sharing=false&amp;hide-download=true\" width=\"100%\" height=\"350px\" frameborder=\"0\"><\/iframe>\n\n\n\n<p><\/p>\n","protected":false},"excerpt":{"rendered":"<p>Anzitutto devo continuare a ringraziarvi. Nel momento in cui scrivo (il 30 luglio) su Apple Podcast ci sono ben sedici valutazioni con una media di 5 stelle, tutti gli episodi&#46;&#46;&#46;<\/p>\n","protected":false},"author":1,"featured_media":7681,"comment_status":"open","ping_status":"closed","sticky":false,"template":"","format":"standard","meta":{"_monsterinsights_skip_tracking":false,"_monsterinsights_sitenote_active":false,"_monsterinsights_sitenote_note":"","_monsterinsights_sitenote_category":0,"_s2mail":"","ngg_post_thumbnail":0,"jetpack_post_was_ever_published":false,"_jetpack_newsletter_access":"","_jetpack_dont_email_post_to_subs":false,"_jetpack_newsletter_tier_id":0,"_jetpack_memberships_contains_paywalled_content":false,"_jetpack_memberships_contains_paid_content":false,"footnotes":""},"categories":[347,238],"tags":[351,375,376,372,358,378,349,377],"class_list":["post-7744","post","type-post","status-publish","format-standard","has-post-thumbnail","hentry","category-lultima-speranza-dei-vertex","category-podcast","tag-audiolibro","tag-capitolo-6","tag-extris","tag-grake","tag-guida","tag-interludio","tag-vertex","tag-zolter"],"aioseo_notices":[],"jetpack_featured_media_url":"https:\/\/oldmanaries.it\/wp-content\/uploads\/2020\/06\/Lultima-speranza-dei-Vertex-9.jpg","jetpack_sharing_enabled":true,"jetpack_shortlink":"https:\/\/wp.me\/p8QUWp-20U","jetpack_likes_enabled":true,"jetpack-related-posts":[{"id":7748,"url":"https:\/\/oldmanaries.it\/index.php\/2020\/08\/15\/7-in-cammino\/","url_meta":{"origin":7744,"position":0},"title":"7. In Cammino","author":"Aries","date":"15 Agosto 2020","format":false,"excerpt":"Ignari degli eventi che si sono lasciati alle spalle, Reinal e gli altri iniziano il loro cammino. Mentre scopriamo finalmente il legame tra i Custodi e quei Melvin e Ben incontrati nel prologo, la necessit\u00e0 di cercare provviste e mezzi di trasporto porter\u00e0 Zalen a un primo, difficile, incontro con\u2026","rel":"","context":"In &quot;L'ultima speranza dei Vertex&quot;","block_context":{"text":"L'ultima speranza dei Vertex","link":"https:\/\/oldmanaries.it\/index.php\/category\/podcast\/lultima-speranza-dei-vertex\/"},"img":{"alt_text":"","src":"https:\/\/i0.wp.com\/oldmanaries.it\/wp-content\/uploads\/2020\/06\/Lultima-speranza-dei-Vertex-9.jpg?resize=350%2C200&ssl=1","width":350,"height":200,"srcset":"https:\/\/i0.wp.com\/oldmanaries.it\/wp-content\/uploads\/2020\/06\/Lultima-speranza-dei-Vertex-9.jpg?resize=350%2C200&ssl=1 1x, https:\/\/i0.wp.com\/oldmanaries.it\/wp-content\/uploads\/2020\/06\/Lultima-speranza-dei-Vertex-9.jpg?resize=525%2C300&ssl=1 1.5x, https:\/\/i0.wp.com\/oldmanaries.it\/wp-content\/uploads\/2020\/06\/Lultima-speranza-dei-Vertex-9.jpg?resize=700%2C400&ssl=1 2x, https:\/\/i0.wp.com\/oldmanaries.it\/wp-content\/uploads\/2020\/06\/Lultima-speranza-dei-Vertex-9.jpg?resize=1050%2C600&ssl=1 3x, https:\/\/i0.wp.com\/oldmanaries.it\/wp-content\/uploads\/2020\/06\/Lultima-speranza-dei-Vertex-9.jpg?resize=1400%2C800&ssl=1 4x"},"classes":[]},{"id":7750,"url":"https:\/\/oldmanaries.it\/index.php\/2020\/08\/22\/8-incontri\/","url_meta":{"origin":7744,"position":1},"title":"8. Incontri","author":"Aries","date":"22 Agosto 2020","format":false,"excerpt":"Zalen \u00e8 rimasto piuttosto scosso da ci\u00f2 che ha visto nello scorso capitolo, ma non c'\u00e8 tempo per metabolizzare: il cammino deve proseguire, ma quanto meno giunge una nuova scoperta in aiuto dei protagonisti. Dato, per\u00f2, che non si pu\u00f2 mai stare tranquilli, arrivano i primi incontri che potrebbero rappresentare\u2026","rel":"","context":"In &quot;L'ultima speranza dei Vertex&quot;","block_context":{"text":"L'ultima speranza dei Vertex","link":"https:\/\/oldmanaries.it\/index.php\/category\/podcast\/lultima-speranza-dei-vertex\/"},"img":{"alt_text":"","src":"https:\/\/i0.wp.com\/oldmanaries.it\/wp-content\/uploads\/2020\/06\/Lultima-speranza-dei-Vertex-9.jpg?resize=350%2C200&ssl=1","width":350,"height":200,"srcset":"https:\/\/i0.wp.com\/oldmanaries.it\/wp-content\/uploads\/2020\/06\/Lultima-speranza-dei-Vertex-9.jpg?resize=350%2C200&ssl=1 1x, https:\/\/i0.wp.com\/oldmanaries.it\/wp-content\/uploads\/2020\/06\/Lultima-speranza-dei-Vertex-9.jpg?resize=525%2C300&ssl=1 1.5x, https:\/\/i0.wp.com\/oldmanaries.it\/wp-content\/uploads\/2020\/06\/Lultima-speranza-dei-Vertex-9.jpg?resize=700%2C400&ssl=1 2x, https:\/\/i0.wp.com\/oldmanaries.it\/wp-content\/uploads\/2020\/06\/Lultima-speranza-dei-Vertex-9.jpg?resize=1050%2C600&ssl=1 3x, https:\/\/i0.wp.com\/oldmanaries.it\/wp-content\/uploads\/2020\/06\/Lultima-speranza-dei-Vertex-9.jpg?resize=1400%2C800&ssl=1 4x"},"classes":[]},{"id":7761,"url":"https:\/\/oldmanaries.it\/index.php\/2020\/08\/29\/9-accoglienza\/","url_meta":{"origin":7744,"position":2},"title":"9. Accoglienza","author":"Aries","date":"29 Agosto 2020","format":false,"excerpt":"I viaggiatori, costretti a Laveg, si trovano di fronte a un'Unit\u00e0 ben diversa da Grake, dove i Vertex hanno un ruolo ben definito e piuttosto inquietante. Cosa rischia Selin in questo luogo e cosa vuole davvero Jofix dai quattro? Il gruppo avr\u00e0 un primo, amaro, assaggio di quanto Grake fosse\u2026","rel":"","context":"In &quot;L'ultima speranza dei Vertex&quot;","block_context":{"text":"L'ultima speranza dei Vertex","link":"https:\/\/oldmanaries.it\/index.php\/category\/podcast\/lultima-speranza-dei-vertex\/"},"img":{"alt_text":"","src":"https:\/\/i0.wp.com\/oldmanaries.it\/wp-content\/uploads\/2020\/06\/Lultima-speranza-dei-Vertex-9.jpg?resize=350%2C200&ssl=1","width":350,"height":200,"srcset":"https:\/\/i0.wp.com\/oldmanaries.it\/wp-content\/uploads\/2020\/06\/Lultima-speranza-dei-Vertex-9.jpg?resize=350%2C200&ssl=1 1x, https:\/\/i0.wp.com\/oldmanaries.it\/wp-content\/uploads\/2020\/06\/Lultima-speranza-dei-Vertex-9.jpg?resize=525%2C300&ssl=1 1.5x, https:\/\/i0.wp.com\/oldmanaries.it\/wp-content\/uploads\/2020\/06\/Lultima-speranza-dei-Vertex-9.jpg?resize=700%2C400&ssl=1 2x, https:\/\/i0.wp.com\/oldmanaries.it\/wp-content\/uploads\/2020\/06\/Lultima-speranza-dei-Vertex-9.jpg?resize=1050%2C600&ssl=1 3x, https:\/\/i0.wp.com\/oldmanaries.it\/wp-content\/uploads\/2020\/06\/Lultima-speranza-dei-Vertex-9.jpg?resize=1400%2C800&ssl=1 4x"},"classes":[]},{"id":7817,"url":"https:\/\/oldmanaries.it\/index.php\/2020\/09\/19\/12-sotto-attacco\/","url_meta":{"origin":7744,"position":3},"title":"12. Sotto Attacco.","author":"Aries","date":"19 Settembre 2020","format":false,"excerpt":"Termina qui la permanenza a Laveg, ma come ne usciranno i personaggi? L'attacco del Culto \u00e8 selvaggio e la sopravvivenza sembra sempre pi\u00f9 improbabile: impossibile salvarsi senza lottare, ma sar\u00e0 sufficiente? Ed Eyrin sar\u00e0 ora un'alleata o una nemica? Si conclude con questo capitolo la seconda parte de L'ultima speranza\u2026","rel":"","context":"In &quot;L'ultima speranza dei Vertex&quot;","block_context":{"text":"L'ultima speranza dei Vertex","link":"https:\/\/oldmanaries.it\/index.php\/category\/podcast\/lultima-speranza-dei-vertex\/"},"img":{"alt_text":"","src":"https:\/\/i0.wp.com\/oldmanaries.it\/wp-content\/uploads\/2020\/06\/Lultima-speranza-dei-Vertex-9.jpg?resize=350%2C200&ssl=1","width":350,"height":200,"srcset":"https:\/\/i0.wp.com\/oldmanaries.it\/wp-content\/uploads\/2020\/06\/Lultima-speranza-dei-Vertex-9.jpg?resize=350%2C200&ssl=1 1x, https:\/\/i0.wp.com\/oldmanaries.it\/wp-content\/uploads\/2020\/06\/Lultima-speranza-dei-Vertex-9.jpg?resize=525%2C300&ssl=1 1.5x, https:\/\/i0.wp.com\/oldmanaries.it\/wp-content\/uploads\/2020\/06\/Lultima-speranza-dei-Vertex-9.jpg?resize=700%2C400&ssl=1 2x, https:\/\/i0.wp.com\/oldmanaries.it\/wp-content\/uploads\/2020\/06\/Lultima-speranza-dei-Vertex-9.jpg?resize=1050%2C600&ssl=1 3x, https:\/\/i0.wp.com\/oldmanaries.it\/wp-content\/uploads\/2020\/06\/Lultima-speranza-dei-Vertex-9.jpg?resize=1400%2C800&ssl=1 4x"},"classes":[]},{"id":7836,"url":"https:\/\/oldmanaries.it\/index.php\/2020\/10\/10\/15-pix\/","url_meta":{"origin":7744,"position":4},"title":"15 Pix","author":"Aries","date":"10 Ottobre 2020","format":false,"excerpt":"Le strade di Firan e Kerlan e quelle di Eyrin e degli altri si incrociano a Pix, la localit\u00e0 pi\u00f9 malfamata delle terre conosciute. Cosa potrebbe andare storto? Vi ricordo che potete sostenermi offrendomi un caff\u00e8 e, se decidete di fare una donazione mensile di 4 euro, otterrete ogni settimana\u2026","rel":"","context":"In &quot;L'ultima speranza dei Vertex&quot;","block_context":{"text":"L'ultima speranza dei Vertex","link":"https:\/\/oldmanaries.it\/index.php\/category\/podcast\/lultima-speranza-dei-vertex\/"},"img":{"alt_text":"","src":"https:\/\/i0.wp.com\/oldmanaries.it\/wp-content\/uploads\/2020\/06\/Lultima-speranza-dei-Vertex-9.jpg?resize=350%2C200&ssl=1","width":350,"height":200,"srcset":"https:\/\/i0.wp.com\/oldmanaries.it\/wp-content\/uploads\/2020\/06\/Lultima-speranza-dei-Vertex-9.jpg?resize=350%2C200&ssl=1 1x, https:\/\/i0.wp.com\/oldmanaries.it\/wp-content\/uploads\/2020\/06\/Lultima-speranza-dei-Vertex-9.jpg?resize=525%2C300&ssl=1 1.5x, https:\/\/i0.wp.com\/oldmanaries.it\/wp-content\/uploads\/2020\/06\/Lultima-speranza-dei-Vertex-9.jpg?resize=700%2C400&ssl=1 2x, https:\/\/i0.wp.com\/oldmanaries.it\/wp-content\/uploads\/2020\/06\/Lultima-speranza-dei-Vertex-9.jpg?resize=1050%2C600&ssl=1 3x, https:\/\/i0.wp.com\/oldmanaries.it\/wp-content\/uploads\/2020\/06\/Lultima-speranza-dei-Vertex-9.jpg?resize=1400%2C800&ssl=1 4x"},"classes":[]},{"id":7712,"url":"https:\/\/oldmanaries.it\/index.php\/2020\/07\/18\/3-il-consiglio\/","url_meta":{"origin":7744,"position":5},"title":"3. Il Consiglio","author":"Aries","date":"18 Luglio 2020","format":false,"excerpt":"Non poteva trascorrere molto prima che Reinal fosse costretto a rendere conto delle sue azioni. In questo nuovo episodio assistiamo al Consiglio che dovr\u00e0 giudicare se e quanto abbia violato le regole di Grake e quali dovranno essere le eventuali conseguenze. Nel frattempo Hagal sta macchinando qualcosa... Curiosit\u00e0: tutti i\u2026","rel":"","context":"In &quot;L'ultima speranza dei Vertex&quot;","block_context":{"text":"L'ultima speranza dei Vertex","link":"https:\/\/oldmanaries.it\/index.php\/category\/podcast\/lultima-speranza-dei-vertex\/"},"img":{"alt_text":"","src":"https:\/\/i0.wp.com\/oldmanaries.it\/wp-content\/uploads\/2020\/06\/Lultima-speranza-dei-Vertex-9.jpg?resize=350%2C200&ssl=1","width":350,"height":200,"srcset":"https:\/\/i0.wp.com\/oldmanaries.it\/wp-content\/uploads\/2020\/06\/Lultima-speranza-dei-Vertex-9.jpg?resize=350%2C200&ssl=1 1x, https:\/\/i0.wp.com\/oldmanaries.it\/wp-content\/uploads\/2020\/06\/Lultima-speranza-dei-Vertex-9.jpg?resize=525%2C300&ssl=1 1.5x, https:\/\/i0.wp.com\/oldmanaries.it\/wp-content\/uploads\/2020\/06\/Lultima-speranza-dei-Vertex-9.jpg?resize=700%2C400&ssl=1 2x, https:\/\/i0.wp.com\/oldmanaries.it\/wp-content\/uploads\/2020\/06\/Lultima-speranza-dei-Vertex-9.jpg?resize=1050%2C600&ssl=1 3x, https:\/\/i0.wp.com\/oldmanaries.it\/wp-content\/uploads\/2020\/06\/Lultima-speranza-dei-Vertex-9.jpg?resize=1400%2C800&ssl=1 4x"},"classes":[]}],"_links":{"self":[{"href":"https:\/\/oldmanaries.it\/index.php\/wp-json\/wp\/v2\/posts\/7744","targetHints":{"allow":["GET"]}}],"collection":[{"href":"https:\/\/oldmanaries.it\/index.php\/wp-json\/wp\/v2\/posts"}],"about":[{"href":"https:\/\/oldmanaries.it\/index.php\/wp-json\/wp\/v2\/types\/post"}],"author":[{"embeddable":true,"href":"https:\/\/oldmanaries.it\/index.php\/wp-json\/wp\/v2\/users\/1"}],"replies":[{"embeddable":true,"href":"https:\/\/oldmanaries.it\/index.php\/wp-json\/wp\/v2\/comments?post=7744"}],"version-history":[{"count":0,"href":"https:\/\/oldmanaries.it\/index.php\/wp-json\/wp\/v2\/posts\/7744\/revisions"}],"wp:featuredmedia":[{"embeddable":true,"href":"https:\/\/oldmanaries.it\/index.php\/wp-json\/wp\/v2\/media\/7681"}],"wp:attachment":[{"href":"https:\/\/oldmanaries.it\/index.php\/wp-json\/wp\/v2\/media?parent=7744"}],"wp:term":[{"taxonomy":"category","embeddable":true,"href":"https:\/\/oldmanaries.it\/index.php\/wp-json\/wp\/v2\/categories?post=7744"},{"taxonomy":"post_tag","embeddable":true,"href":"https:\/\/oldmanaries.it\/index.php\/wp-json\/wp\/v2\/tags?post=7744"}],"curies":[{"name":"wp","href":"https:\/\/api.w.org\/{rel}","templated":true}]}}