{"id":7738,"date":"2020-08-01T02:00:00","date_gmt":"2020-08-01T00:00:00","guid":{"rendered":"https:\/\/www.ariesblog.it\/?p=7738"},"modified":"2020-07-30T19:17:55","modified_gmt":"2020-07-30T17:17:55","slug":"5-decisioni","status":"publish","type":"post","link":"https:\/\/oldmanaries.it\/index.php\/2020\/08\/01\/5-decisioni\/","title":{"rendered":"5. Decisioni"},"content":{"rendered":"\n<p>Scrivo questo post il 24 luglio e, in questo momento, <strong>L&#8217;ultima speranza dei Vertex<\/strong> ha superato i 330 ascolti che, per un progetto come questo, nato con le sole mie forze, \u00e8 un numero che mi emoziona e rende grato. Per questo grazie a tutti e, mi raccomando, se vi sta piacendo condividetelo il pi\u00f9 possibile!<\/p>\n\n\n\n<p>Ma veniamo a noi: la chiusura del capitolo precedente non poteva non avere conseguenze importanti, che affrontiamo immediatamente.<\/p>\n\n\n\n<p>Cos&#8217;\u00e8 successo a Selin?<\/p>\n\n\n\n<p>Come questo evento influenzer\u00e0 le decisioni di Reinal? <\/p>\n\n\n\n<p>E, soprattutto, cosa accadr\u00e0 ora?<\/p>\n\n\n\n<p>Dopo questo capitolo nulla sar\u00e0 pi\u00f9 come prima.<\/p>\n\n\n\n<p>Mai pi\u00f9.<\/p>\n\n\n\n<iframe loading=\"lazy\" src=\"https:\/\/widget.spreaker.com\/player?episode_id=39955088&amp;theme=light&amp;playlist=false&amp;playlist-continuous=false&amp;autoplay=false&amp;live-autoplay=false&amp;chapters-image=true&amp;episode_image_position=left&amp;hide-logo=false&amp;hide-likes=false&amp;hide-comments=false&amp;hide-sharing=false&amp;hide-download=true\" width=\"100%\" height=\"250px\" frameborder=\"0\"><\/iframe>\n","protected":false},"excerpt":{"rendered":"<p>Scrivo questo post il 24 luglio e, in questo momento, L&#8217;ultima speranza dei Vertex ha superato i 330 ascolti che, per un progetto come questo, nato con le sole mie&#46;&#46;&#46;<\/p>\n","protected":false},"author":1,"featured_media":7681,"comment_status":"open","ping_status":"closed","sticky":false,"template":"","format":"standard","meta":{"_monsterinsights_skip_tracking":false,"_monsterinsights_sitenote_active":false,"_monsterinsights_sitenote_note":"","_monsterinsights_sitenote_category":0,"_s2mail":"","ngg_post_thumbnail":0,"jetpack_post_was_ever_published":false,"_jetpack_newsletter_access":"","_jetpack_dont_email_post_to_subs":false,"_jetpack_newsletter_tier_id":0,"_jetpack_memberships_contains_paywalled_content":false,"_jetpack_memberships_contains_paid_content":false,"footnotes":""},"categories":[347,238],"tags":[351,372,360,243,355,356,349],"class_list":["post-7738","post","type-post","status-publish","format-standard","has-post-thumbnail","hentry","category-lultima-speranza-dei-vertex","category-podcast","tag-audiolibro","tag-grake","tag-hagal","tag-podcast","tag-reinal","tag-selin","tag-vertex"],"aioseo_notices":[],"jetpack_featured_media_url":"https:\/\/oldmanaries.it\/wp-content\/uploads\/2020\/06\/Lultima-speranza-dei-Vertex-9.jpg","jetpack_sharing_enabled":true,"jetpack_shortlink":"https:\/\/wp.me\/p8QUWp-20O","jetpack_likes_enabled":true,"jetpack-related-posts":[{"id":7840,"url":"https:\/\/oldmanaries.it\/index.php\/2020\/10\/17\/16-di-nuovo-in-viaggio\/","url_meta":{"origin":7738,"position":0},"title":"16. Di nuovo in viaggio","author":"Aries","date":"17 Ottobre 2020","format":false,"excerpt":"Se pensavate che il viaggio dei nostri protagonisti potesse procedere serenamente vi eravate illusi. Una notte di riposo si trasformer\u00e0 in un inferno che metter\u00e0 a dura prova Eyrin, Reinal e gli altri, come la lunghezza di questo capitolo pu\u00f2 lasciare ad intendere. Riusciranno a cavarsela o subiranno nuove perdite?\u2026","rel":"","context":"In &quot;L'ultima speranza dei Vertex&quot;","block_context":{"text":"L'ultima speranza dei Vertex","link":"https:\/\/oldmanaries.it\/index.php\/category\/podcast\/lultima-speranza-dei-vertex\/"},"img":{"alt_text":"","src":"https:\/\/i0.wp.com\/oldmanaries.it\/wp-content\/uploads\/2020\/06\/Lultima-speranza-dei-Vertex-9.jpg?resize=350%2C200&ssl=1","width":350,"height":200,"srcset":"https:\/\/i0.wp.com\/oldmanaries.it\/wp-content\/uploads\/2020\/06\/Lultima-speranza-dei-Vertex-9.jpg?resize=350%2C200&ssl=1 1x, https:\/\/i0.wp.com\/oldmanaries.it\/wp-content\/uploads\/2020\/06\/Lultima-speranza-dei-Vertex-9.jpg?resize=525%2C300&ssl=1 1.5x, https:\/\/i0.wp.com\/oldmanaries.it\/wp-content\/uploads\/2020\/06\/Lultima-speranza-dei-Vertex-9.jpg?resize=700%2C400&ssl=1 2x, https:\/\/i0.wp.com\/oldmanaries.it\/wp-content\/uploads\/2020\/06\/Lultima-speranza-dei-Vertex-9.jpg?resize=1050%2C600&ssl=1 3x, https:\/\/i0.wp.com\/oldmanaries.it\/wp-content\/uploads\/2020\/06\/Lultima-speranza-dei-Vertex-9.jpg?resize=1400%2C800&ssl=1 4x"},"classes":[]},{"id":7787,"url":"https:\/\/oldmanaries.it\/index.php\/2020\/09\/05\/10-laveg\/","url_meta":{"origin":7738,"position":1},"title":"10. Laveg","author":"Aries","date":"5 Settembre 2020","format":false,"excerpt":"Mentre continuo a ringraziarvi degli ascolti che crescono piano ma costantemente e, soprattutto, degli splendidi complimenti, siamo al decimo capitolo, a un quarto della storia. La natura di Laveg si fa sempre pi\u00f9 chiara e terribile agli occhi dei quattro amici e la necessit\u00e0 di trovare un modo di fuggire\u2026","rel":"","context":"In &quot;L'ultima speranza dei Vertex&quot;","block_context":{"text":"L'ultima speranza dei Vertex","link":"https:\/\/oldmanaries.it\/index.php\/category\/podcast\/lultima-speranza-dei-vertex\/"},"img":{"alt_text":"","src":"https:\/\/i0.wp.com\/oldmanaries.it\/wp-content\/uploads\/2020\/06\/Lultima-speranza-dei-Vertex-9.jpg?resize=350%2C200&ssl=1","width":350,"height":200,"srcset":"https:\/\/i0.wp.com\/oldmanaries.it\/wp-content\/uploads\/2020\/06\/Lultima-speranza-dei-Vertex-9.jpg?resize=350%2C200&ssl=1 1x, https:\/\/i0.wp.com\/oldmanaries.it\/wp-content\/uploads\/2020\/06\/Lultima-speranza-dei-Vertex-9.jpg?resize=525%2C300&ssl=1 1.5x, https:\/\/i0.wp.com\/oldmanaries.it\/wp-content\/uploads\/2020\/06\/Lultima-speranza-dei-Vertex-9.jpg?resize=700%2C400&ssl=1 2x, https:\/\/i0.wp.com\/oldmanaries.it\/wp-content\/uploads\/2020\/06\/Lultima-speranza-dei-Vertex-9.jpg?resize=1050%2C600&ssl=1 3x, https:\/\/i0.wp.com\/oldmanaries.it\/wp-content\/uploads\/2020\/06\/Lultima-speranza-dei-Vertex-9.jpg?resize=1400%2C800&ssl=1 4x"},"classes":[]},{"id":7965,"url":"https:\/\/oldmanaries.it\/index.php\/2021\/01\/09\/28-risvegli\/","url_meta":{"origin":7738,"position":2},"title":"28. Risvegli","author":"Aries","date":"9 Gennaio 2021","format":false,"excerpt":"Se vi stavate chiedendo il destino di Selin, in questo capitolo una prima risposta. Sono trascorse tre settimane da quando Deinar l'ha rapita. Come sta la giovane Vertex? Cosa far\u00e0 di lei la Guida? E ora che Reinal, per quanto ne sa Deinar, \u00e8 morto, l'ex-Cacciatore \u00e8 finalmente in pace?\u2026","rel":"","context":"In &quot;L'ultima speranza dei Vertex&quot;","block_context":{"text":"L'ultima speranza dei Vertex","link":"https:\/\/oldmanaries.it\/index.php\/category\/podcast\/lultima-speranza-dei-vertex\/"},"img":{"alt_text":"","src":"https:\/\/i0.wp.com\/oldmanaries.it\/wp-content\/uploads\/2020\/06\/Lultima-speranza-dei-Vertex-9.jpg?resize=350%2C200&ssl=1","width":350,"height":200,"srcset":"https:\/\/i0.wp.com\/oldmanaries.it\/wp-content\/uploads\/2020\/06\/Lultima-speranza-dei-Vertex-9.jpg?resize=350%2C200&ssl=1 1x, https:\/\/i0.wp.com\/oldmanaries.it\/wp-content\/uploads\/2020\/06\/Lultima-speranza-dei-Vertex-9.jpg?resize=525%2C300&ssl=1 1.5x, https:\/\/i0.wp.com\/oldmanaries.it\/wp-content\/uploads\/2020\/06\/Lultima-speranza-dei-Vertex-9.jpg?resize=700%2C400&ssl=1 2x, https:\/\/i0.wp.com\/oldmanaries.it\/wp-content\/uploads\/2020\/06\/Lultima-speranza-dei-Vertex-9.jpg?resize=1050%2C600&ssl=1 3x, https:\/\/i0.wp.com\/oldmanaries.it\/wp-content\/uploads\/2020\/06\/Lultima-speranza-dei-Vertex-9.jpg?resize=1400%2C800&ssl=1 4x"},"classes":[]},{"id":8093,"url":"https:\/\/oldmanaries.it\/index.php\/2021\/04\/03\/40-incontri-e-scontri\/","url_meta":{"origin":7738,"position":3},"title":"40. Incontri e scontri","author":"Aries","date":"3 Aprile 2021","format":false,"excerpt":"Strade troppo a lungo separate tornano a incrociarsi in vista del capitolo finale della prossima settimana. Se volevate sapere cosa sarebbe accaduto quando Firan e Deinar si fossero rincrociati, la risposta \u00e8 qui. Se volevate assistere al rincontro tra Selin e Asim, sarete accontentati. E Reinal ed Eyrin? Li avevamo\u2026","rel":"","context":"In &quot;L'ultima speranza dei Vertex&quot;","block_context":{"text":"L'ultima speranza dei Vertex","link":"https:\/\/oldmanaries.it\/index.php\/category\/podcast\/lultima-speranza-dei-vertex\/"},"img":{"alt_text":"","src":"https:\/\/i0.wp.com\/oldmanaries.it\/wp-content\/uploads\/2020\/06\/Lultima-speranza-dei-Vertex-9.jpg?resize=350%2C200&ssl=1","width":350,"height":200,"srcset":"https:\/\/i0.wp.com\/oldmanaries.it\/wp-content\/uploads\/2020\/06\/Lultima-speranza-dei-Vertex-9.jpg?resize=350%2C200&ssl=1 1x, https:\/\/i0.wp.com\/oldmanaries.it\/wp-content\/uploads\/2020\/06\/Lultima-speranza-dei-Vertex-9.jpg?resize=525%2C300&ssl=1 1.5x, https:\/\/i0.wp.com\/oldmanaries.it\/wp-content\/uploads\/2020\/06\/Lultima-speranza-dei-Vertex-9.jpg?resize=700%2C400&ssl=1 2x, https:\/\/i0.wp.com\/oldmanaries.it\/wp-content\/uploads\/2020\/06\/Lultima-speranza-dei-Vertex-9.jpg?resize=1050%2C600&ssl=1 3x, https:\/\/i0.wp.com\/oldmanaries.it\/wp-content\/uploads\/2020\/06\/Lultima-speranza-dei-Vertex-9.jpg?resize=1400%2C800&ssl=1 4x"},"classes":[]},{"id":7817,"url":"https:\/\/oldmanaries.it\/index.php\/2020\/09\/19\/12-sotto-attacco\/","url_meta":{"origin":7738,"position":4},"title":"12. Sotto Attacco.","author":"Aries","date":"19 Settembre 2020","format":false,"excerpt":"Termina qui la permanenza a Laveg, ma come ne usciranno i personaggi? L'attacco del Culto \u00e8 selvaggio e la sopravvivenza sembra sempre pi\u00f9 improbabile: impossibile salvarsi senza lottare, ma sar\u00e0 sufficiente? Ed Eyrin sar\u00e0 ora un'alleata o una nemica? Si conclude con questo capitolo la seconda parte de L'ultima speranza\u2026","rel":"","context":"In &quot;L'ultima speranza dei Vertex&quot;","block_context":{"text":"L'ultima speranza dei Vertex","link":"https:\/\/oldmanaries.it\/index.php\/category\/podcast\/lultima-speranza-dei-vertex\/"},"img":{"alt_text":"","src":"https:\/\/i0.wp.com\/oldmanaries.it\/wp-content\/uploads\/2020\/06\/Lultima-speranza-dei-Vertex-9.jpg?resize=350%2C200&ssl=1","width":350,"height":200,"srcset":"https:\/\/i0.wp.com\/oldmanaries.it\/wp-content\/uploads\/2020\/06\/Lultima-speranza-dei-Vertex-9.jpg?resize=350%2C200&ssl=1 1x, https:\/\/i0.wp.com\/oldmanaries.it\/wp-content\/uploads\/2020\/06\/Lultima-speranza-dei-Vertex-9.jpg?resize=525%2C300&ssl=1 1.5x, https:\/\/i0.wp.com\/oldmanaries.it\/wp-content\/uploads\/2020\/06\/Lultima-speranza-dei-Vertex-9.jpg?resize=700%2C400&ssl=1 2x, https:\/\/i0.wp.com\/oldmanaries.it\/wp-content\/uploads\/2020\/06\/Lultima-speranza-dei-Vertex-9.jpg?resize=1050%2C600&ssl=1 3x, https:\/\/i0.wp.com\/oldmanaries.it\/wp-content\/uploads\/2020\/06\/Lultima-speranza-dei-Vertex-9.jpg?resize=1400%2C800&ssl=1 4x"},"classes":[]},{"id":7916,"url":"https:\/\/oldmanaries.it\/index.php\/2020\/11\/28\/22-resa-dei-conti\/","url_meta":{"origin":7738,"position":5},"title":"22. Resa dei conti","author":"Aries","date":"28 Novembre 2020","format":false,"excerpt":"Il tradimento dell'ultimo episodio fa precipitare tutto. E la resa dei conti tra il traditore e gli altri membri si avvicina\u2026 o forse no? Dove e quando si trova Selin? E perch\u00e9 ci sono quelle persone che dovrebbero essere morte? Con questo capitolo siamo a met\u00e0 esatta della nostra storia\u2026","rel":"","context":"In &quot;L'ultima speranza dei Vertex&quot;","block_context":{"text":"L'ultima speranza dei Vertex","link":"https:\/\/oldmanaries.it\/index.php\/category\/podcast\/lultima-speranza-dei-vertex\/"},"img":{"alt_text":"","src":"https:\/\/i0.wp.com\/oldmanaries.it\/wp-content\/uploads\/2020\/06\/Lultima-speranza-dei-Vertex-9.jpg?resize=350%2C200&ssl=1","width":350,"height":200,"srcset":"https:\/\/i0.wp.com\/oldmanaries.it\/wp-content\/uploads\/2020\/06\/Lultima-speranza-dei-Vertex-9.jpg?resize=350%2C200&ssl=1 1x, https:\/\/i0.wp.com\/oldmanaries.it\/wp-content\/uploads\/2020\/06\/Lultima-speranza-dei-Vertex-9.jpg?resize=525%2C300&ssl=1 1.5x, https:\/\/i0.wp.com\/oldmanaries.it\/wp-content\/uploads\/2020\/06\/Lultima-speranza-dei-Vertex-9.jpg?resize=700%2C400&ssl=1 2x, https:\/\/i0.wp.com\/oldmanaries.it\/wp-content\/uploads\/2020\/06\/Lultima-speranza-dei-Vertex-9.jpg?resize=1050%2C600&ssl=1 3x, https:\/\/i0.wp.com\/oldmanaries.it\/wp-content\/uploads\/2020\/06\/Lultima-speranza-dei-Vertex-9.jpg?resize=1400%2C800&ssl=1 4x"},"classes":[]}],"_links":{"self":[{"href":"https:\/\/oldmanaries.it\/index.php\/wp-json\/wp\/v2\/posts\/7738","targetHints":{"allow":["GET"]}}],"collection":[{"href":"https:\/\/oldmanaries.it\/index.php\/wp-json\/wp\/v2\/posts"}],"about":[{"href":"https:\/\/oldmanaries.it\/index.php\/wp-json\/wp\/v2\/types\/post"}],"author":[{"embeddable":true,"href":"https:\/\/oldmanaries.it\/index.php\/wp-json\/wp\/v2\/users\/1"}],"replies":[{"embeddable":true,"href":"https:\/\/oldmanaries.it\/index.php\/wp-json\/wp\/v2\/comments?post=7738"}],"version-history":[{"count":0,"href":"https:\/\/oldmanaries.it\/index.php\/wp-json\/wp\/v2\/posts\/7738\/revisions"}],"wp:featuredmedia":[{"embeddable":true,"href":"https:\/\/oldmanaries.it\/index.php\/wp-json\/wp\/v2\/media\/7681"}],"wp:attachment":[{"href":"https:\/\/oldmanaries.it\/index.php\/wp-json\/wp\/v2\/media?parent=7738"}],"wp:term":[{"taxonomy":"category","embeddable":true,"href":"https:\/\/oldmanaries.it\/index.php\/wp-json\/wp\/v2\/categories?post=7738"},{"taxonomy":"post_tag","embeddable":true,"href":"https:\/\/oldmanaries.it\/index.php\/wp-json\/wp\/v2\/tags?post=7738"}],"curies":[{"name":"wp","href":"https:\/\/api.w.org\/{rel}","templated":true}]}}