{"id":7733,"date":"2020-07-25T02:00:00","date_gmt":"2020-07-25T00:00:00","guid":{"rendered":"https:\/\/www.ariesblog.it\/?p=7733"},"modified":"2020-07-24T17:25:49","modified_gmt":"2020-07-24T15:25:49","slug":"4-il-morbo","status":"publish","type":"post","link":"https:\/\/oldmanaries.it\/index.php\/2020\/07\/25\/4-il-morbo\/","title":{"rendered":"4. Il Morbo"},"content":{"rendered":"\n<p>Senza quasi rendercene conto siamo arrivati alla fine del primo mese di racconto e, con la prossima settimana, si conclude la prima parte della storia: da quel momento in poi si accelera, tenetevi pronti.<\/p>\n\n\n\n<p>Ma torniamo all&#8217;episodio di oggi: \u00e8 finalmente il giunto il momento dei chiarimenti e Hagal dovr\u00e0 spiegare a Reinal per quale motivo dovrebbe partire con lui. Lo convincer\u00e0?<\/p>\n\n\n\n<p>E mentre avviene questa conversazione, dov&#8217;\u00e8 finita Selin?<\/p>\n\n\n\n<iframe loading=\"lazy\" src=\"https:\/\/widget.spreaker.com\/player?episode_id=39864510&amp;theme=light&amp;playlist=false&amp;playlist-continuous=false&amp;autoplay=false&amp;live-autoplay=false&amp;chapters-image=true&amp;episode_image_position=left&amp;hide-logo=false&amp;hide-likes=false&amp;hide-comments=false&amp;hide-sharing=false&amp;hide-download=true\" width=\"100%\" height=\"350px\" frameborder=\"0\"><\/iframe>\n\n\n\n<hr class=\"wp-block-separator\"\/>\n\n\n\n<p>Prima di chiudere devo ringraziare <strong>Antonella Olanda<\/strong> per avermi fatto da consulente e conferma nell&#8217;utilizzo del termine &#8220;<em>Hasin<\/em>&#8220;.<\/p>\n\n\n\n<p>Ringrazio inoltre<strong> Elena, Alberto e Monica<\/strong> per il sostegno al progetto: vi ricordo che potete offrirmi un caff\u00e8 cliccando sull&#8217;inconcina in basso a destra.<\/p>\n\n\n\n<p>Ci vediamo tra una settimana per il quinto capitolo: <strong>Decisioni.<\/strong><\/p>\n","protected":false},"excerpt":{"rendered":"<p>Senza quasi rendercene conto siamo arrivati alla fine del primo mese di racconto e, con la prossima settimana, si conclude la prima parte della storia: da quel momento in poi&#46;&#46;&#46;<\/p>\n","protected":false},"author":1,"featured_media":7681,"comment_status":"open","ping_status":"closed","sticky":false,"template":"","format":"standard","meta":{"_monsterinsights_skip_tracking":false,"_monsterinsights_sitenote_active":false,"_monsterinsights_sitenote_note":"","_monsterinsights_sitenote_category":0,"_s2mail":"","ngg_post_thumbnail":0,"jetpack_post_was_ever_published":false,"_jetpack_newsletter_access":"","_jetpack_dont_email_post_to_subs":false,"_jetpack_newsletter_tier_id":0,"_jetpack_memberships_contains_paywalled_content":false,"_jetpack_memberships_contains_paid_content":false,"footnotes":""},"categories":[347,238],"tags":[351,369,356,349],"class_list":["post-7733","post","type-post","status-publish","format-standard","has-post-thumbnail","hentry","category-lultima-speranza-dei-vertex","category-podcast","tag-audiolibro","tag-capitolo-4","tag-selin","tag-vertex"],"aioseo_notices":[],"jetpack_featured_media_url":"https:\/\/oldmanaries.it\/wp-content\/uploads\/2020\/06\/Lultima-speranza-dei-Vertex-9.jpg","jetpack_sharing_enabled":true,"jetpack_shortlink":"https:\/\/wp.me\/p8QUWp-20J","jetpack_likes_enabled":true,"jetpack-related-posts":[{"id":7738,"url":"https:\/\/oldmanaries.it\/index.php\/2020\/08\/01\/5-decisioni\/","url_meta":{"origin":7733,"position":0},"title":"5. Decisioni","author":"Aries","date":"1 Agosto 2020","format":false,"excerpt":"Scrivo questo post il 24 luglio e, in questo momento, L'ultima speranza dei Vertex ha superato i 330 ascolti che, per un progetto come questo, nato con le sole mie forze, \u00e8 un numero che mi emoziona e rende grato. Per questo grazie a tutti e, mi raccomando, se vi\u2026","rel":"","context":"In &quot;L'ultima speranza dei Vertex&quot;","block_context":{"text":"L'ultima speranza dei Vertex","link":"https:\/\/oldmanaries.it\/index.php\/category\/podcast\/lultima-speranza-dei-vertex\/"},"img":{"alt_text":"","src":"https:\/\/i0.wp.com\/oldmanaries.it\/wp-content\/uploads\/2020\/06\/Lultima-speranza-dei-Vertex-9.jpg?resize=350%2C200&ssl=1","width":350,"height":200,"srcset":"https:\/\/i0.wp.com\/oldmanaries.it\/wp-content\/uploads\/2020\/06\/Lultima-speranza-dei-Vertex-9.jpg?resize=350%2C200&ssl=1 1x, https:\/\/i0.wp.com\/oldmanaries.it\/wp-content\/uploads\/2020\/06\/Lultima-speranza-dei-Vertex-9.jpg?resize=525%2C300&ssl=1 1.5x, https:\/\/i0.wp.com\/oldmanaries.it\/wp-content\/uploads\/2020\/06\/Lultima-speranza-dei-Vertex-9.jpg?resize=700%2C400&ssl=1 2x, https:\/\/i0.wp.com\/oldmanaries.it\/wp-content\/uploads\/2020\/06\/Lultima-speranza-dei-Vertex-9.jpg?resize=1050%2C600&ssl=1 3x, https:\/\/i0.wp.com\/oldmanaries.it\/wp-content\/uploads\/2020\/06\/Lultima-speranza-dei-Vertex-9.jpg?resize=1400%2C800&ssl=1 4x"},"classes":[]},{"id":8082,"url":"https:\/\/oldmanaries.it\/index.php\/2021\/03\/13\/37-prese-di-coscienza\/","url_meta":{"origin":7733,"position":1},"title":"37. Prese di coscienza","author":"Aries","date":"13 Marzo 2021","format":false,"excerpt":"Mentre la Guida reagisce alle ultime notizie riguardanti Selin e mette in moto gli eventi che porteranno al finale della nostra storia, giunge il momento per Deinar e Karing di esaminare separatamente le proprie coscienze e il passato recente e remoto.Intanto Selin scopre che\u2026 Vi ricordo che andando su https:\/\/www.buymeacoffee.com\/sferragina\u2026","rel":"","context":"In &quot;L'ultima speranza dei Vertex&quot;","block_context":{"text":"L'ultima speranza dei Vertex","link":"https:\/\/oldmanaries.it\/index.php\/category\/podcast\/lultima-speranza-dei-vertex\/"},"img":{"alt_text":"","src":"https:\/\/i0.wp.com\/oldmanaries.it\/wp-content\/uploads\/2020\/06\/Lultima-speranza-dei-Vertex-9.jpg?resize=350%2C200&ssl=1","width":350,"height":200,"srcset":"https:\/\/i0.wp.com\/oldmanaries.it\/wp-content\/uploads\/2020\/06\/Lultima-speranza-dei-Vertex-9.jpg?resize=350%2C200&ssl=1 1x, https:\/\/i0.wp.com\/oldmanaries.it\/wp-content\/uploads\/2020\/06\/Lultima-speranza-dei-Vertex-9.jpg?resize=525%2C300&ssl=1 1.5x, https:\/\/i0.wp.com\/oldmanaries.it\/wp-content\/uploads\/2020\/06\/Lultima-speranza-dei-Vertex-9.jpg?resize=700%2C400&ssl=1 2x, https:\/\/i0.wp.com\/oldmanaries.it\/wp-content\/uploads\/2020\/06\/Lultima-speranza-dei-Vertex-9.jpg?resize=1050%2C600&ssl=1 3x, https:\/\/i0.wp.com\/oldmanaries.it\/wp-content\/uploads\/2020\/06\/Lultima-speranza-dei-Vertex-9.jpg?resize=1400%2C800&ssl=1 4x"},"classes":[]},{"id":7761,"url":"https:\/\/oldmanaries.it\/index.php\/2020\/08\/29\/9-accoglienza\/","url_meta":{"origin":7733,"position":2},"title":"9. Accoglienza","author":"Aries","date":"29 Agosto 2020","format":false,"excerpt":"I viaggiatori, costretti a Laveg, si trovano di fronte a un'Unit\u00e0 ben diversa da Grake, dove i Vertex hanno un ruolo ben definito e piuttosto inquietante. Cosa rischia Selin in questo luogo e cosa vuole davvero Jofix dai quattro? Il gruppo avr\u00e0 un primo, amaro, assaggio di quanto Grake fosse\u2026","rel":"","context":"In &quot;L'ultima speranza dei Vertex&quot;","block_context":{"text":"L'ultima speranza dei Vertex","link":"https:\/\/oldmanaries.it\/index.php\/category\/podcast\/lultima-speranza-dei-vertex\/"},"img":{"alt_text":"","src":"https:\/\/i0.wp.com\/oldmanaries.it\/wp-content\/uploads\/2020\/06\/Lultima-speranza-dei-Vertex-9.jpg?resize=350%2C200&ssl=1","width":350,"height":200,"srcset":"https:\/\/i0.wp.com\/oldmanaries.it\/wp-content\/uploads\/2020\/06\/Lultima-speranza-dei-Vertex-9.jpg?resize=350%2C200&ssl=1 1x, https:\/\/i0.wp.com\/oldmanaries.it\/wp-content\/uploads\/2020\/06\/Lultima-speranza-dei-Vertex-9.jpg?resize=525%2C300&ssl=1 1.5x, https:\/\/i0.wp.com\/oldmanaries.it\/wp-content\/uploads\/2020\/06\/Lultima-speranza-dei-Vertex-9.jpg?resize=700%2C400&ssl=1 2x, https:\/\/i0.wp.com\/oldmanaries.it\/wp-content\/uploads\/2020\/06\/Lultima-speranza-dei-Vertex-9.jpg?resize=1050%2C600&ssl=1 3x, https:\/\/i0.wp.com\/oldmanaries.it\/wp-content\/uploads\/2020\/06\/Lultima-speranza-dei-Vertex-9.jpg?resize=1400%2C800&ssl=1 4x"},"classes":[]},{"id":7748,"url":"https:\/\/oldmanaries.it\/index.php\/2020\/08\/15\/7-in-cammino\/","url_meta":{"origin":7733,"position":3},"title":"7. In Cammino","author":"Aries","date":"15 Agosto 2020","format":false,"excerpt":"Ignari degli eventi che si sono lasciati alle spalle, Reinal e gli altri iniziano il loro cammino. Mentre scopriamo finalmente il legame tra i Custodi e quei Melvin e Ben incontrati nel prologo, la necessit\u00e0 di cercare provviste e mezzi di trasporto porter\u00e0 Zalen a un primo, difficile, incontro con\u2026","rel":"","context":"In &quot;L'ultima speranza dei Vertex&quot;","block_context":{"text":"L'ultima speranza dei Vertex","link":"https:\/\/oldmanaries.it\/index.php\/category\/podcast\/lultima-speranza-dei-vertex\/"},"img":{"alt_text":"","src":"https:\/\/i0.wp.com\/oldmanaries.it\/wp-content\/uploads\/2020\/06\/Lultima-speranza-dei-Vertex-9.jpg?resize=350%2C200&ssl=1","width":350,"height":200,"srcset":"https:\/\/i0.wp.com\/oldmanaries.it\/wp-content\/uploads\/2020\/06\/Lultima-speranza-dei-Vertex-9.jpg?resize=350%2C200&ssl=1 1x, https:\/\/i0.wp.com\/oldmanaries.it\/wp-content\/uploads\/2020\/06\/Lultima-speranza-dei-Vertex-9.jpg?resize=525%2C300&ssl=1 1.5x, https:\/\/i0.wp.com\/oldmanaries.it\/wp-content\/uploads\/2020\/06\/Lultima-speranza-dei-Vertex-9.jpg?resize=700%2C400&ssl=1 2x, https:\/\/i0.wp.com\/oldmanaries.it\/wp-content\/uploads\/2020\/06\/Lultima-speranza-dei-Vertex-9.jpg?resize=1050%2C600&ssl=1 3x, https:\/\/i0.wp.com\/oldmanaries.it\/wp-content\/uploads\/2020\/06\/Lultima-speranza-dei-Vertex-9.jpg?resize=1400%2C800&ssl=1 4x"},"classes":[]},{"id":7965,"url":"https:\/\/oldmanaries.it\/index.php\/2021\/01\/09\/28-risvegli\/","url_meta":{"origin":7733,"position":4},"title":"28. Risvegli","author":"Aries","date":"9 Gennaio 2021","format":false,"excerpt":"Se vi stavate chiedendo il destino di Selin, in questo capitolo una prima risposta. Sono trascorse tre settimane da quando Deinar l'ha rapita. Come sta la giovane Vertex? Cosa far\u00e0 di lei la Guida? E ora che Reinal, per quanto ne sa Deinar, \u00e8 morto, l'ex-Cacciatore \u00e8 finalmente in pace?\u2026","rel":"","context":"In &quot;L'ultima speranza dei Vertex&quot;","block_context":{"text":"L'ultima speranza dei Vertex","link":"https:\/\/oldmanaries.it\/index.php\/category\/podcast\/lultima-speranza-dei-vertex\/"},"img":{"alt_text":"","src":"https:\/\/i0.wp.com\/oldmanaries.it\/wp-content\/uploads\/2020\/06\/Lultima-speranza-dei-Vertex-9.jpg?resize=350%2C200&ssl=1","width":350,"height":200,"srcset":"https:\/\/i0.wp.com\/oldmanaries.it\/wp-content\/uploads\/2020\/06\/Lultima-speranza-dei-Vertex-9.jpg?resize=350%2C200&ssl=1 1x, https:\/\/i0.wp.com\/oldmanaries.it\/wp-content\/uploads\/2020\/06\/Lultima-speranza-dei-Vertex-9.jpg?resize=525%2C300&ssl=1 1.5x, https:\/\/i0.wp.com\/oldmanaries.it\/wp-content\/uploads\/2020\/06\/Lultima-speranza-dei-Vertex-9.jpg?resize=700%2C400&ssl=1 2x, https:\/\/i0.wp.com\/oldmanaries.it\/wp-content\/uploads\/2020\/06\/Lultima-speranza-dei-Vertex-9.jpg?resize=1050%2C600&ssl=1 3x, https:\/\/i0.wp.com\/oldmanaries.it\/wp-content\/uploads\/2020\/06\/Lultima-speranza-dei-Vertex-9.jpg?resize=1400%2C800&ssl=1 4x"},"classes":[]},{"id":8039,"url":"https:\/\/oldmanaries.it\/index.php\/2021\/02\/20\/34-ribellione\/","url_meta":{"origin":7733,"position":5},"title":"34. Ribellione","author":"Aries","date":"20 Febbraio 2021","format":false,"excerpt":"Deinar deve accettare che tutto ci\u00f2 che ha sempre creduto \u00e8 orribilmente falso. Riuscir\u00e0 a trovare un modo per salvare Selin e farsi perdonare? Vi ricordo che andando su https:\/\/www.buymeacoffee.com\/sferragina potete non solo offrirmi uno o pi\u00f9 caff\u00e8, ma diventare sostenitori di questo progetto: i sostenitori riceveranno ogni settimana la\u2026","rel":"","context":"In &quot;L'ultima speranza dei Vertex&quot;","block_context":{"text":"L'ultima speranza dei Vertex","link":"https:\/\/oldmanaries.it\/index.php\/category\/podcast\/lultima-speranza-dei-vertex\/"},"img":{"alt_text":"","src":"https:\/\/i0.wp.com\/oldmanaries.it\/wp-content\/uploads\/2020\/06\/Lultima-speranza-dei-Vertex-9.jpg?resize=350%2C200&ssl=1","width":350,"height":200,"srcset":"https:\/\/i0.wp.com\/oldmanaries.it\/wp-content\/uploads\/2020\/06\/Lultima-speranza-dei-Vertex-9.jpg?resize=350%2C200&ssl=1 1x, https:\/\/i0.wp.com\/oldmanaries.it\/wp-content\/uploads\/2020\/06\/Lultima-speranza-dei-Vertex-9.jpg?resize=525%2C300&ssl=1 1.5x, https:\/\/i0.wp.com\/oldmanaries.it\/wp-content\/uploads\/2020\/06\/Lultima-speranza-dei-Vertex-9.jpg?resize=700%2C400&ssl=1 2x, https:\/\/i0.wp.com\/oldmanaries.it\/wp-content\/uploads\/2020\/06\/Lultima-speranza-dei-Vertex-9.jpg?resize=1050%2C600&ssl=1 3x, https:\/\/i0.wp.com\/oldmanaries.it\/wp-content\/uploads\/2020\/06\/Lultima-speranza-dei-Vertex-9.jpg?resize=1400%2C800&ssl=1 4x"},"classes":[]}],"_links":{"self":[{"href":"https:\/\/oldmanaries.it\/index.php\/wp-json\/wp\/v2\/posts\/7733","targetHints":{"allow":["GET"]}}],"collection":[{"href":"https:\/\/oldmanaries.it\/index.php\/wp-json\/wp\/v2\/posts"}],"about":[{"href":"https:\/\/oldmanaries.it\/index.php\/wp-json\/wp\/v2\/types\/post"}],"author":[{"embeddable":true,"href":"https:\/\/oldmanaries.it\/index.php\/wp-json\/wp\/v2\/users\/1"}],"replies":[{"embeddable":true,"href":"https:\/\/oldmanaries.it\/index.php\/wp-json\/wp\/v2\/comments?post=7733"}],"version-history":[{"count":0,"href":"https:\/\/oldmanaries.it\/index.php\/wp-json\/wp\/v2\/posts\/7733\/revisions"}],"wp:featuredmedia":[{"embeddable":true,"href":"https:\/\/oldmanaries.it\/index.php\/wp-json\/wp\/v2\/media\/7681"}],"wp:attachment":[{"href":"https:\/\/oldmanaries.it\/index.php\/wp-json\/wp\/v2\/media?parent=7733"}],"wp:term":[{"taxonomy":"category","embeddable":true,"href":"https:\/\/oldmanaries.it\/index.php\/wp-json\/wp\/v2\/categories?post=7733"},{"taxonomy":"post_tag","embeddable":true,"href":"https:\/\/oldmanaries.it\/index.php\/wp-json\/wp\/v2\/tags?post=7733"}],"curies":[{"name":"wp","href":"https:\/\/api.w.org\/{rel}","templated":true}]}}