{"id":7689,"date":"2020-07-04T02:00:00","date_gmt":"2020-07-04T00:00:00","guid":{"rendered":"https:\/\/www.ariesblog.it\/?p=7689"},"modified":"2020-07-02T23:23:58","modified_gmt":"2020-07-02T21:23:58","slug":"1-una-giornata-come-tante-prologo","status":"publish","type":"post","link":"https:\/\/oldmanaries.it\/index.php\/2020\/07\/04\/1-una-giornata-come-tante-prologo\/","title":{"rendered":"1. Una giornata come tante (+ Prologo)"},"content":{"rendered":"\n<p>E infine si inizia. Da oggi, per 41 settimane, se vorrete vi far\u00f2 compagnia ogni sabato con la storia che mi ha accompagnato negli anni passati fino a prendere la sua forma definitiva. <\/p>\n\n\n\n<p>Oggi si inizia in modo speciale con ben due episodi, il Prologo e il Primo Capitolo.<\/p>\n\n\n\n<p>Ma non indugiamo oltre. <\/p>\n\n\n\n<h2 class=\"has-text-align-center wp-block-heading\">Prologo<\/h2>\n\n\n\n<blockquote class=\"wp-block-quote\"><cite>Un futuro non troppo lontano.<br \/>Un laboratorio.<br \/>Una scelta difficile.<br \/>Un&#8217;illusione che potrebbe diventare una condanna<br \/><br \/>Tutto inizia qui<\/cite><\/blockquote>\n\n\n\n<iframe loading=\"lazy\" src=\"https:\/\/widget.spreaker.com\/player?episode_id=35508500&amp;theme=light&amp;playlist=false&amp;playlist-continuous=false&amp;autoplay=false&amp;live-autoplay=false&amp;chapters-image=true&amp;episode_image_position=left&amp;hide-logo=false&amp;hide-likes=false&amp;hide-comments=false&amp;hide-sharing=false&amp;hide-download=true\" width=\"100%\" height=\"250px\"><\/iframe>\n\n\n\n<h2 class=\"has-text-align-center wp-block-heading\">1. Una giornata come tante<\/h2>\n\n\n\n<blockquote class=\"wp-block-quote is-layout-flow wp-block-quote-is-layout-flow\"><p><\/p><cite>&#8220;Terra&#8221; \u00e8 un nome ormai perso nel tempo, cos\u00ec come le civilt\u00e0 che la abitavano.<br \/>Che il giovane Reinal creda o meno a tutte le leggende legate al Mondo Prima e ai Progenitori, poco importa, quando la sua responsabilit\u00e0 \u00e8 prendersi cura di sua sorella e del terreno affidatogli in attesa del ritorno del fratello.<br \/>Una vita che odia, ma anche l&#8217;unica che conosce e che, ne \u00e8 sicuro, conoscer\u00e0 per sempre.<br \/>Ma qualcosa di estremamente inaspettato lo aspetta\u2026<\/cite><\/blockquote>\n\n\n\n<iframe loading=\"lazy\" src=\"https:\/\/widget.spreaker.com\/player?episode_id=35515761&amp;theme=light&amp;playlist=false&amp;playlist-continuous=false&amp;autoplay=false&amp;live-autoplay=false&amp;chapters-image=true&amp;episode_image_position=left&amp;hide-logo=false&amp;hide-likes=false&amp;hide-comments=false&amp;hide-sharing=false&amp;hide-download=true\" width=\"100%\" height=\"250px\"><\/iframe>\n\n\n\n<p>Ecco fatto. <\/p>\n\n\n\n<p>Ora a voi le reazioni.<\/p>\n\n\n\n<p>Vi aspetto.<\/p>\n","protected":false},"excerpt":{"rendered":"<p>E infine si inizia. Da oggi, per 41 settimane, se vorrete vi far\u00f2 compagnia ogni sabato con la storia che mi ha accompagnato negli anni passati fino a prendere la&#46;&#46;&#46;<\/p>\n","protected":false},"author":1,"featured_media":7681,"comment_status":"open","ping_status":"closed","sticky":false,"template":"","format":"standard","meta":{"_monsterinsights_skip_tracking":false,"_monsterinsights_sitenote_active":false,"_monsterinsights_sitenote_note":"","_monsterinsights_sitenote_category":0,"_s2mail":"","ngg_post_thumbnail":0,"jetpack_post_was_ever_published":false,"_jetpack_newsletter_access":"","_jetpack_dont_email_post_to_subs":false,"_jetpack_newsletter_tier_id":0,"_jetpack_memberships_contains_paywalled_content":false,"_jetpack_memberships_contains_paid_content":false,"footnotes":""},"categories":[347,238],"tags":[350,352,348,355,286],"class_list":["post-7689","post","type-post","status-publish","format-standard","has-post-thumbnail","hentry","category-lultima-speranza-dei-vertex","category-podcast","tag-fantascienza","tag-fantasy","tag-prologo","tag-reinal","tag-romanzo"],"aioseo_notices":[],"jetpack_featured_media_url":"https:\/\/oldmanaries.it\/wp-content\/uploads\/2020\/06\/Lultima-speranza-dei-Vertex-9.jpg","jetpack_sharing_enabled":true,"jetpack_shortlink":"https:\/\/wp.me\/p8QUWp-201","jetpack_likes_enabled":true,"jetpack-related-posts":[{"id":10604,"url":"https:\/\/oldmanaries.it\/index.php\/2022\/05\/13\/0-un-nuovo-prologo\/","url_meta":{"origin":7689,"position":0},"title":"0. Un nuovo prologo","author":"Aries","date":"13 Maggio 2022","format":false,"excerpt":"Photo by John-Mark Smith on Pexels.com Parecchi anni fa, quando ritenevo che il blog stesse latitando troppo e la vena creativa ne stesse risentendo, mi lanciai in una sfida con me stesso: scrivere un post al giorno per un anno, anche breve, anche insulso, ma comunque uno al giorno. Lo\u2026","rel":"","context":"In &quot;Un post al giorno&quot;","block_context":{"text":"Un post al giorno","link":"https:\/\/oldmanaries.it\/index.php\/category\/un-post-al-giorno\/"},"img":{"alt_text":"brown paper envelope on table","src":"https:\/\/i0.wp.com\/oldmanaries.it\/wp-content\/uploads\/2022\/05\/pexels-photo-211290.jpeg?resize=350%2C200&ssl=1","width":350,"height":200,"srcset":"https:\/\/i0.wp.com\/oldmanaries.it\/wp-content\/uploads\/2022\/05\/pexels-photo-211290.jpeg?resize=350%2C200&ssl=1 1x, https:\/\/i0.wp.com\/oldmanaries.it\/wp-content\/uploads\/2022\/05\/pexels-photo-211290.jpeg?resize=525%2C300&ssl=1 1.5x, https:\/\/i0.wp.com\/oldmanaries.it\/wp-content\/uploads\/2022\/05\/pexels-photo-211290.jpeg?resize=700%2C400&ssl=1 2x, https:\/\/i0.wp.com\/oldmanaries.it\/wp-content\/uploads\/2022\/05\/pexels-photo-211290.jpeg?resize=1050%2C600&ssl=1 3x, https:\/\/i0.wp.com\/oldmanaries.it\/wp-content\/uploads\/2022\/05\/pexels-photo-211290.jpeg?resize=1400%2C800&ssl=1 4x"},"classes":[]},{"id":4303,"url":"https:\/\/oldmanaries.it\/index.php\/2015\/04\/13\/1-prologo-o-anche-di-nuove-sfide\/","url_meta":{"origin":7689,"position":1},"title":"1. Prologo (o anche &#8220;di nuove sfide&#8221;)","author":"Aries","date":"13 Aprile 2015","format":false,"excerpt":"Ho riflettuto molto su questo blog. Non ci vuole un osservatore per notare quanto i post si siano diradati ed \u00e8 inutile dire che la cosa non mi faccia impazzire. Le cause? Sicuramente la stanchezza, il poco tempo, la monotonia di certe giornate e, innegabile, la presenza di Facebook e\u2026","rel":"","context":"In &quot;Riflessioni&quot;","block_context":{"text":"Riflessioni","link":"https:\/\/oldmanaries.it\/index.php\/category\/riflessioni\/"},"img":{"alt_text":"","src":"","width":0,"height":0},"classes":[]},{"id":357,"url":"https:\/\/oldmanaries.it\/index.php\/2006\/12\/23\/013-la-vigilia\/","url_meta":{"origin":7689,"position":2},"title":"013 &#8211; La Vigilia","author":"Aries","date":"23 Dicembre 2006","format":false,"excerpt":"In attesa della striscia speciale di domani che sar\u00e0\u00a0 il vero augurio da parte di Ombre e mia, un piccolo prologo sui preparativi per le feste... Buona Vigilia a tutti!","rel":"","context":"In &quot;Comics r us&quot;","block_context":{"text":"Comics r us","link":"https:\/\/oldmanaries.it\/index.php\/category\/comics-r-us\/"},"img":{"alt_text":"","src":"","width":0,"height":0},"classes":[]},{"id":7748,"url":"https:\/\/oldmanaries.it\/index.php\/2020\/08\/15\/7-in-cammino\/","url_meta":{"origin":7689,"position":3},"title":"7. In Cammino","author":"Aries","date":"15 Agosto 2020","format":false,"excerpt":"Ignari degli eventi che si sono lasciati alle spalle, Reinal e gli altri iniziano il loro cammino. Mentre scopriamo finalmente il legame tra i Custodi e quei Melvin e Ben incontrati nel prologo, la necessit\u00e0 di cercare provviste e mezzi di trasporto porter\u00e0 Zalen a un primo, difficile, incontro con\u2026","rel":"","context":"In &quot;L'ultima speranza dei Vertex&quot;","block_context":{"text":"L'ultima speranza dei Vertex","link":"https:\/\/oldmanaries.it\/index.php\/category\/podcast\/lultima-speranza-dei-vertex\/"},"img":{"alt_text":"","src":"https:\/\/i0.wp.com\/oldmanaries.it\/wp-content\/uploads\/2020\/06\/Lultima-speranza-dei-Vertex-9.jpg?resize=350%2C200&ssl=1","width":350,"height":200,"srcset":"https:\/\/i0.wp.com\/oldmanaries.it\/wp-content\/uploads\/2020\/06\/Lultima-speranza-dei-Vertex-9.jpg?resize=350%2C200&ssl=1 1x, https:\/\/i0.wp.com\/oldmanaries.it\/wp-content\/uploads\/2020\/06\/Lultima-speranza-dei-Vertex-9.jpg?resize=525%2C300&ssl=1 1.5x, https:\/\/i0.wp.com\/oldmanaries.it\/wp-content\/uploads\/2020\/06\/Lultima-speranza-dei-Vertex-9.jpg?resize=700%2C400&ssl=1 2x, https:\/\/i0.wp.com\/oldmanaries.it\/wp-content\/uploads\/2020\/06\/Lultima-speranza-dei-Vertex-9.jpg?resize=1050%2C600&ssl=1 3x, https:\/\/i0.wp.com\/oldmanaries.it\/wp-content\/uploads\/2020\/06\/Lultima-speranza-dei-Vertex-9.jpg?resize=1400%2C800&ssl=1 4x"},"classes":[]},{"id":7702,"url":"https:\/\/oldmanaries.it\/index.php\/2020\/07\/11\/2-il-risveglio\/","url_meta":{"origin":7689,"position":4},"title":"2. Il Risveglio","author":"Aries","date":"11 Luglio 2020","format":false,"excerpt":"Anzitutto devo ringraziare chi ha ascoltato Prologo e Primo Capitolo: ovviamente, se vi piace ci\u00f2 che vi racconto e come ve lo racconto, prendete in considerazione di lasciare una valutazione sulle piattaforme podcast e\/o di offrirmi un caff\u00e8, ma soprattutto: spargete la voce! Passiamo al nuovo capitolo, ora. Abbiamo lasciato\u2026","rel":"","context":"In &quot;L'ultima speranza dei Vertex&quot;","block_context":{"text":"L'ultima speranza dei Vertex","link":"https:\/\/oldmanaries.it\/index.php\/category\/podcast\/lultima-speranza-dei-vertex\/"},"img":{"alt_text":"","src":"https:\/\/i0.wp.com\/oldmanaries.it\/wp-content\/uploads\/2020\/06\/Lultima-speranza-dei-Vertex-9.jpg?resize=350%2C200&ssl=1","width":350,"height":200,"srcset":"https:\/\/i0.wp.com\/oldmanaries.it\/wp-content\/uploads\/2020\/06\/Lultima-speranza-dei-Vertex-9.jpg?resize=350%2C200&ssl=1 1x, https:\/\/i0.wp.com\/oldmanaries.it\/wp-content\/uploads\/2020\/06\/Lultima-speranza-dei-Vertex-9.jpg?resize=525%2C300&ssl=1 1.5x, https:\/\/i0.wp.com\/oldmanaries.it\/wp-content\/uploads\/2020\/06\/Lultima-speranza-dei-Vertex-9.jpg?resize=700%2C400&ssl=1 2x, https:\/\/i0.wp.com\/oldmanaries.it\/wp-content\/uploads\/2020\/06\/Lultima-speranza-dei-Vertex-9.jpg?resize=1050%2C600&ssl=1 3x, https:\/\/i0.wp.com\/oldmanaries.it\/wp-content\/uploads\/2020\/06\/Lultima-speranza-dei-Vertex-9.jpg?resize=1400%2C800&ssl=1 4x"},"classes":[]},{"id":7680,"url":"https:\/\/oldmanaries.it\/index.php\/2020\/06\/27\/una-nuova-partenza\/","url_meta":{"origin":7689,"position":5},"title":"Una nuova partenza","author":"Aries","date":"27 Giugno 2020","format":false,"excerpt":"Dopo il lockdown, in cui non sono mancati i post pseudo-terapeutici e di sfogo, la frequenza di aggiornamento di questo blog si \u00e8 nuovamente abbassata vertiginosamente per vari motivi. Nuovi situazioni mentali e pratiche da gestire, stati d'animo ben lungi dall'essere al loro ottimo, pensieri, impegni, un po' di tutto\u2026","rel":"","context":"In &quot;L'ultima speranza dei Vertex&quot;","block_context":{"text":"L'ultima speranza dei Vertex","link":"https:\/\/oldmanaries.it\/index.php\/category\/podcast\/lultima-speranza-dei-vertex\/"},"img":{"alt_text":"","src":"https:\/\/i0.wp.com\/oldmanaries.it\/wp-content\/uploads\/2020\/06\/Lultima-speranza-dei-Vertex-9.jpg?resize=350%2C200&ssl=1","width":350,"height":200,"srcset":"https:\/\/i0.wp.com\/oldmanaries.it\/wp-content\/uploads\/2020\/06\/Lultima-speranza-dei-Vertex-9.jpg?resize=350%2C200&ssl=1 1x, https:\/\/i0.wp.com\/oldmanaries.it\/wp-content\/uploads\/2020\/06\/Lultima-speranza-dei-Vertex-9.jpg?resize=525%2C300&ssl=1 1.5x, https:\/\/i0.wp.com\/oldmanaries.it\/wp-content\/uploads\/2020\/06\/Lultima-speranza-dei-Vertex-9.jpg?resize=700%2C400&ssl=1 2x, https:\/\/i0.wp.com\/oldmanaries.it\/wp-content\/uploads\/2020\/06\/Lultima-speranza-dei-Vertex-9.jpg?resize=1050%2C600&ssl=1 3x, https:\/\/i0.wp.com\/oldmanaries.it\/wp-content\/uploads\/2020\/06\/Lultima-speranza-dei-Vertex-9.jpg?resize=1400%2C800&ssl=1 4x"},"classes":[]}],"_links":{"self":[{"href":"https:\/\/oldmanaries.it\/index.php\/wp-json\/wp\/v2\/posts\/7689","targetHints":{"allow":["GET"]}}],"collection":[{"href":"https:\/\/oldmanaries.it\/index.php\/wp-json\/wp\/v2\/posts"}],"about":[{"href":"https:\/\/oldmanaries.it\/index.php\/wp-json\/wp\/v2\/types\/post"}],"author":[{"embeddable":true,"href":"https:\/\/oldmanaries.it\/index.php\/wp-json\/wp\/v2\/users\/1"}],"replies":[{"embeddable":true,"href":"https:\/\/oldmanaries.it\/index.php\/wp-json\/wp\/v2\/comments?post=7689"}],"version-history":[{"count":0,"href":"https:\/\/oldmanaries.it\/index.php\/wp-json\/wp\/v2\/posts\/7689\/revisions"}],"wp:featuredmedia":[{"embeddable":true,"href":"https:\/\/oldmanaries.it\/index.php\/wp-json\/wp\/v2\/media\/7681"}],"wp:attachment":[{"href":"https:\/\/oldmanaries.it\/index.php\/wp-json\/wp\/v2\/media?parent=7689"}],"wp:term":[{"taxonomy":"category","embeddable":true,"href":"https:\/\/oldmanaries.it\/index.php\/wp-json\/wp\/v2\/categories?post=7689"},{"taxonomy":"post_tag","embeddable":true,"href":"https:\/\/oldmanaries.it\/index.php\/wp-json\/wp\/v2\/tags?post=7689"}],"curies":[{"name":"wp","href":"https:\/\/api.w.org\/{rel}","templated":true}]}}