{"id":7448,"date":"2019-11-15T19:02:03","date_gmt":"2019-11-15T18:02:03","guid":{"rendered":"https:\/\/www.ariesblog.it\/?p=7448"},"modified":"2019-11-15T19:02:12","modified_gmt":"2019-11-15T18:02:12","slug":"possiamo-salvare-il-mondo-prima-di-cena-ma-non-grazie-a-safran-foer","status":"publish","type":"post","link":"https:\/\/oldmanaries.it\/index.php\/2019\/11\/15\/possiamo-salvare-il-mondo-prima-di-cena-ma-non-grazie-a-safran-foer\/","title":{"rendered":"Possiamo salvare il mondo prima di cena (ma non grazie a Safran Foer)"},"content":{"rendered":"\n<p>Sono vegetariano da pi\u00f9 di sei anni e sicuramente un ulteriore supporto alla mia scelta fu dato dalla lettura di <strong>Se niente importa<\/strong>, il libro di <strong>Johnathan Safran Foer<\/strong> dedicato al suo percorso verso un&#8217;alimentazione pi\u00f9 consapevole. Inoltre, Safran Foer \u00e8 sicuramente un autore che ho amato molto quanto meno nella lettura dei suoi due romanzi pi\u00f9 rappresentativi, <strong>Ogni cosa \u00e8 illluminata <\/strong>e <strong>Molto forte incredibilmente vicino<\/strong>.<\/p>\n\n\n\n<p>Questa lunga premessa per far capire quanto il nuovo libro fosse per me fonte di estremo interesse sia per l&#8217;argomento in entrambi i suoi aspetti (etico e ambientalistico) che per il piacere di riavvicinare l&#8217;autore su un tema su cui per me era stato significativo.<\/p>\n\n\n\n<p>Aggiungiamo a questa premessa che io sono convinto che buona parte delle deduzioni che l&#8217;autore tra in questo libro siano giuste se non quanto meno sensate.<\/p>\n\n\n\n<p>Il problema \u00e8 che raramente ho letto un libro che rischia di far cos\u00ec male alla causa che cerca di sostenere.<\/p>\n\n\n\n<p>I problemi sono molteplici, a partire dalla costruzione stesso del testo. Non \u00e8 divulgativo. Non \u00e8 un romanzo. Non \u00e8 neanche un diario. \u00c8 piuttosto una sequenza di cinque blocchi principali, ognuno fondamentalmente slegato dall&#8217;altro, in cui l&#8217;autore ripete a oltranza lo stesso, banale, concetto: bisogna mangiare meno carne.<\/p>\n\n\n\n<p>Il che di per s\u00e9 \u00e8 corretto ed \u00e8 incluso nel titolo, ma il testo va poco oltre e riempie 260 pagine di continue ripetizioni dello stesso concetto affiancate a paragoni pi\u00f9 o meno azzeccati (e anch&#8217;essi ripetuti pi\u00f9 di una volta), a una sorta di dialogo interiore estremamente autocompiaciuto e autocompiacente e a una lettera ai figli di nuovo carica di un&#8217;autoindulgenza irritante.<\/p>\n\n\n\n<p>Non solo, ci\u00f2 che colpisce \u00e8 l&#8217;uso che fa Safran Foer di questo testo per mascherare dietro una facciata di autocritica un&#8217;ipocrisia irritante e crescente in cui lui, prima persona non in grado di seguire quanto professato, accusa gli altri &#8211; tutto il resto della popolazione &#8211; di non saperlo fare perch\u00e9 lui non \u00e8 capace.<\/p>\n\n\n\n<p>Si sofferma pi\u00f9 di una volta sulla sua incapacit\u00e0 di rimanere vegetariano dopo aver deciso di esserlo e su un suo <strong>bisogno di mangiare carne<\/strong> che &#8211; afferma &#8211; \u00e8 innegabile e invincibile. Peccato che, per alleggerirsi l&#8217;anima, si scorda di dire che non \u00e8 cos\u00ec per tutti. Tutt&#8217;altro. Partire dall&#8217;esperienza personale per fare autocritica \u00e8 una cosa. Fingere di fare autocritica per autoassolversi pensando che <strong>tutto il mondo sia altrettanto debole<\/strong> ben altra. <\/p>\n\n\n\n<p>E il testo \u00e8 pieno di esempi del genere in cui dietro una facciata di modestia ed espiazione trapela invece il compiacimento perch\u00e9 <em>quanto meno si sta prendendo atto della cosa<\/em>.<\/p>\n\n\n\n<p>Foer, sembra, ama sentirsi in colpa e crogiolarsi nel pensiero di essere una persona migliore per questo.<\/p>\n\n\n\n<p>Se una cosa del genere in un libro autobiografico avrebbe potuto semplicemente infastidirmi, in questo mi fa infuriare perch\u00e9 finisce per sminuire il messaggio che vorrebbe portare e, soprattutto, per non convincere nessuno.<\/p>\n\n\n\n<p>Perch\u00e9 se qualcuno gi\u00e0 non mangia carne (spiacente, John, io non tocca carne dal 2013 e non ho mai sentito il bisogno di cedere) non ha bisogno del suo messaggio, <em>ma chiunque la mangi non lo ricever\u00e0 in un modo che possa mettere in dubbio il suo stile di vita. <\/em>Non basta ripetere fino alla nausea la stessa metafora perch\u00e9 questa venga assimilata. Non basta dire &#8220;s\u00ec, ho sbagliato, ma ora sar\u00f2 migliore perch\u00e9 mi sento troppo in colpa&#8221; per non apparire ipocriti. Non basta elencare a effetto (tramite &#8211; letteralmente &#8211; punti elenco) una serie di nozioni perch\u00e9 queste finiscano per diventare all&#8217;improvviso pi\u00f9 appetibili per chi non ha gi\u00e0 fatto questa scelta.<\/p>\n\n\n\n<p>Si tratta di un libro fondamentalmente inutile che appaga un&#8217;unica, basilare, necessit\u00e0: appagare l&#8217;ego di chi lo ha scritto.<\/p>\n\n\n\n<p>Il che mi spiace molto, perch\u00e9 un messaggio importante in mano a un pessimo messaggero \u00e8 forse peggio dell&#8217;assenza completa di messaggio e questo a dispetto di tutte le pacche sulle spalle che si \u00e8 dato Safran Foer mentre mangiava un hamburger dicendosi che non avrebbe dovuto farlo e sentendosi migliore per questo.<\/p>\n\n\n\n<div class=\"wp-block-image\"><figure class=\"aligncenter size-large\"><a href=\"https:\/\/www.amazon.it\/Possiamo-salvare-mondo-prima-cena\/dp\/8823521211\" target=\"_blank\" rel=\"noreferrer noopener\"><img loading=\"lazy\" decoding=\"async\" width=\"333\" height=\"499\" src=\"https:\/\/www.oldmanaries.it\/wp-content\/uploads\/2019\/11\/41cszrhEEPL._SX331_BO1204203200_.jpg\" alt=\"\" class=\"wp-image-7449\" srcset=\"https:\/\/oldmanaries.it\/wp-content\/uploads\/2019\/11\/41cszrhEEPL._SX331_BO1204203200_.jpg 333w, https:\/\/oldmanaries.it\/wp-content\/uploads\/2019\/11\/41cszrhEEPL._SX331_BO1204203200_-200x300.jpg 200w, https:\/\/oldmanaries.it\/wp-content\/uploads\/2019\/11\/41cszrhEEPL._SX331_BO1204203200_-100x150.jpg 100w\" sizes=\"auto, (max-width: 333px) 100vw, 333px\" \/><\/a><\/figure><\/div>\n","protected":false},"excerpt":{"rendered":"<p>Sono vegetariano da pi\u00f9 di sei anni e sicuramente un ulteriore supporto alla mia scelta fu dato dalla lettura di Se niente importa, il libro di Johnathan Safran Foer dedicato&#46;&#46;&#46;<\/p>\n","protected":false},"author":1,"featured_media":7449,"comment_status":"open","ping_status":"closed","sticky":false,"template":"","format":"standard","meta":{"_monsterinsights_skip_tracking":false,"_monsterinsights_sitenote_active":false,"_monsterinsights_sitenote_note":"","_monsterinsights_sitenote_category":0,"_s2mail":"","ngg_post_thumbnail":0,"jetpack_post_was_ever_published":false,"_jetpack_newsletter_access":"","_jetpack_dont_email_post_to_subs":false,"_jetpack_newsletter_tier_id":0,"_jetpack_memberships_contains_paywalled_content":false,"_jetpack_memberships_contains_paid_content":false,"footnotes":""},"categories":[8,134],"tags":[],"class_list":["post-7448","post","type-post","status-publish","format-standard","has-post-thumbnail","hentry","category-dalla-mia-libreria","category-jonathan-safran-foer"],"aioseo_notices":[],"jetpack_featured_media_url":"https:\/\/oldmanaries.it\/wp-content\/uploads\/2019\/11\/41cszrhEEPL._SX331_BO1204203200_.jpg","jetpack_sharing_enabled":true,"jetpack_shortlink":"https:\/\/wp.me\/p8QUWp-1W8","jetpack_likes_enabled":true,"jetpack-related-posts":[{"id":3776,"url":"https:\/\/oldmanaries.it\/index.php\/2013\/09\/22\/se-niente-importa\/","url_meta":{"origin":7448,"position":0},"title":"Se niente importa","author":"Aries","date":"22 Settembre 2013","format":false,"excerpt":"Alcune premesse sono doverose. Io, per 39 anni, sono stato, pi\u00f9 che onnivoro, quasi esclusivamente carnivoro. Il mio rapporto coi vegetali \u00e8 andato migliorando solo negli ultimi anni e mi sono sempre schermato dietro la frase \"mi piacciono troppo certi alimenti per rinunciare\". In realt\u00e0 una parte di me, per\u00f2,\u2026","rel":"","context":"In &quot;Dalla mia libreria&quot;","block_context":{"text":"Dalla mia libreria","link":"https:\/\/oldmanaries.it\/index.php\/category\/dalla-mia-libreria\/"},"img":{"alt_text":"","src":"https:\/\/i0.wp.com\/www.oldmanaries.it\/wp-content\/uploads\/2013\/09\/31IkUbB1M-L._.jpg?resize=350%2C200&ssl=1","width":350,"height":200},"classes":[]},{"id":4250,"url":"https:\/\/oldmanaries.it\/index.php\/2015\/02\/08\/ogni-cosa-e-illuminata\/","url_meta":{"origin":7448,"position":1},"title":"Ogni cosa \u00e8 illuminata","author":"Aries","date":"8 Febbraio 2015","format":false,"excerpt":"Immaginate che in casa vostra venga un pittore, non importa quanto famoso.Quel pittore allestisce nel vostro soggiorno il proprio studio di lavoro. Apre il cavalletto, monta la tela, prepara i colori.Inizia a lavorare su quella tela. Un po' di colori, discordanti tra loro, distribuiti in modo casuale.Si ferma, vi fa\u2026","rel":"","context":"In &quot;Dalla mia libreria&quot;","block_context":{"text":"Dalla mia libreria","link":"https:\/\/oldmanaries.it\/index.php\/category\/dalla-mia-libreria\/"},"img":{"alt_text":"","src":"https:\/\/i0.wp.com\/www.oldmanaries.it\/wp-content\/uploads\/2015\/02\/41744z-2BSyL.jpg?resize=350%2C200&ssl=1","width":350,"height":200},"classes":[]},{"id":3087,"url":"https:\/\/oldmanaries.it\/index.php\/2012\/04\/02\/molto-forte-incredibilmente-vicino\/","url_meta":{"origin":7448,"position":2},"title":"Molto Forte, Incredibilmente Vicino","author":"Aries","date":"2 Aprile 2012","format":false,"excerpt":"Dopo il lungo periodo di smistamento della coda di lettura di fumetti ho ben pensato di iniziare l'anno \"librario\" con un romanzo che era rimasto parecchio in coda, in attesa del \"momento giusto\"; mi aspettavo infatti un libro intenso, coinvolgente o, comunque, emotivamente \"forte\", tanto per parafrasarne il titolo, e\u2026","rel":"","context":"In &quot;Dalla mia libreria&quot;","block_context":{"text":"Dalla mia libreria","link":"https:\/\/oldmanaries.it\/index.php\/category\/dalla-mia-libreria\/"},"img":{"alt_text":"","src":"","width":0,"height":0},"classes":[]},{"id":7390,"url":"https:\/\/oldmanaries.it\/index.php\/2019\/08\/31\/come-assicurarsi-di-non-arrivare-a-centanni\/","url_meta":{"origin":7448,"position":3},"title":"Come assicurarsi di non arrivare a cent\u2019anni","author":"Aries","date":"31 Agosto 2019","format":false,"excerpt":"Questo post nasce soprattutto come sfogo. Se c\u2019\u00e8, infatti, una cosa che mi fa imbestialire (in primis con me stesso) \u00e8 quando mi trovo in una situazione in cui una persona, per arroganza, maleducazione o altro, mi affronta\/provoca\/infastidisce con qualche uscita infelice e mi trovo a non rispondere come potrei\u2026","rel":"","context":"In &quot;Riflessioni&quot;","block_context":{"text":"Riflessioni","link":"https:\/\/oldmanaries.it\/index.php\/category\/riflessioni\/"},"img":{"alt_text":"","src":"","width":0,"height":0},"classes":[]},{"id":1489,"url":"https:\/\/oldmanaries.it\/index.php\/2011\/01\/25\/la-pancia-degli-italiani\/","url_meta":{"origin":7448,"position":4},"title":"La pancia degli italiani","author":"Aries","date":"25 Gennaio 2011","format":false,"excerpt":"Un libro su Berlusconi che esce all'alba di un periodo come questo denota quanto meno un tempismo incredibile (cosa su cui ha ironizzato l'autore stesso giusto ieri in una trasmissione radiofonica). Se poi il libro si pone l'obiettivo di spiegare ai posteri il successo di \"B.\" (come lo chiama Severgnini\u2026","rel":"","context":"In &quot;Beppe Severgnini&quot;","block_context":{"text":"Beppe Severgnini","link":"https:\/\/oldmanaries.it\/index.php\/category\/dalla-mia-libreria\/beppe-severgnini\/"},"img":{"alt_text":"","src":"","width":0,"height":0},"classes":[]},{"id":1066,"url":"https:\/\/oldmanaries.it\/index.php\/2009\/02\/03\/fuga-dalla-notte\/","url_meta":{"origin":7448,"position":5},"title":"Fuga dalla notte","author":"Aries","date":"3 Febbraio 2009","format":false,"excerpt":"Dopo tanto tempo sono riuscito a terminare \"Escape the night\" di Richard North Patterson. Devo dire che sicuramente la lettura di questo libro non \u00e8 nata sotto una buona stella: ho iniziato a leggerne le prime pagine mentre facevo la notte accanto a mio padre, per un bel po' non\u2026","rel":"","context":"In &quot;Dalla mia libreria&quot;","block_context":{"text":"Dalla mia libreria","link":"https:\/\/oldmanaries.it\/index.php\/category\/dalla-mia-libreria\/"},"img":{"alt_text":"","src":"","width":0,"height":0},"classes":[]}],"_links":{"self":[{"href":"https:\/\/oldmanaries.it\/index.php\/wp-json\/wp\/v2\/posts\/7448","targetHints":{"allow":["GET"]}}],"collection":[{"href":"https:\/\/oldmanaries.it\/index.php\/wp-json\/wp\/v2\/posts"}],"about":[{"href":"https:\/\/oldmanaries.it\/index.php\/wp-json\/wp\/v2\/types\/post"}],"author":[{"embeddable":true,"href":"https:\/\/oldmanaries.it\/index.php\/wp-json\/wp\/v2\/users\/1"}],"replies":[{"embeddable":true,"href":"https:\/\/oldmanaries.it\/index.php\/wp-json\/wp\/v2\/comments?post=7448"}],"version-history":[{"count":0,"href":"https:\/\/oldmanaries.it\/index.php\/wp-json\/wp\/v2\/posts\/7448\/revisions"}],"wp:featuredmedia":[{"embeddable":true,"href":"https:\/\/oldmanaries.it\/index.php\/wp-json\/wp\/v2\/media\/7449"}],"wp:attachment":[{"href":"https:\/\/oldmanaries.it\/index.php\/wp-json\/wp\/v2\/media?parent=7448"}],"wp:term":[{"taxonomy":"category","embeddable":true,"href":"https:\/\/oldmanaries.it\/index.php\/wp-json\/wp\/v2\/categories?post=7448"},{"taxonomy":"post_tag","embeddable":true,"href":"https:\/\/oldmanaries.it\/index.php\/wp-json\/wp\/v2\/tags?post=7448"}],"curies":[{"name":"wp","href":"https:\/\/api.w.org\/{rel}","templated":true}]}}