{"id":6423,"date":"2017-05-09T10:00:43","date_gmt":"2017-05-09T08:00:43","guid":{"rendered":"http:\/\/www.ariesblog.it\/?p=6423"},"modified":"2017-05-09T10:00:43","modified_gmt":"2017-05-09T08:00:43","slug":"25-anni","status":"publish","type":"post","link":"https:\/\/oldmanaries.it\/index.php\/2017\/05\/09\/25-anni\/","title":{"rendered":"25 anni"},"content":{"rendered":"<p style=\"text-align: justify;\">Era un sabato, il 9 maggio del 1992.<br \/>\nRicordo alcune cose, non tutte, mai tutte.<br \/>\nRicordo che i miei erano alla casa in campagna dal venerd\u00ec o forse prima, ricordo quindi di avere preso il treno per raggiungerli, ricordo come un flash qualcosa relativo all&#8217;arrivo in stazione.<br \/>\nE ricordo, ma per ricostruzione pi\u00f9 che per memoria, che quel pomeriggio mia madre mi mand\u00f2 a comprare alcune cose al negozietto in paese, ovviamente in bici, dato che avevo compiuto diciott&#8217;anni solo tre settimane prima e non ho mai avuto uno scooter.<br \/>\nPoi, di quello che successe dopo, non ho memoria diretta, lo so perch\u00e9 mi \u00e8 stato raccontato.<br \/>\nUn incrocio, io che esco con la bicicletta, una macchina che arriva sparata e mi prende in pieno, io che mi ribalto sul cofano, ne spacco il parabrezza con la testa e finisco sull&#8217;asfalto.<br \/>\nAmbulanza, elicottero, ospedale di Novara.<br \/>\nNessun osso rotto, ma un trauma cranico che mi fece perdere tutta la memoria recente, in parte mai pi\u00f9 recuperata e&nbsp;che per anni (mai capito perch\u00e9) mi fece soffrire le situazioni di troppo caldo.<br \/>\nQuella sera, tornando a casa distrutti dall&#8217;ospedale (io fui dimesso un paio di giorni dopo), ai miei fu detto che Lupo era sparito, sembrava scappato. Mia madre lo chiam\u00f2 disperata e lui, dopo un po&#8217;, torn\u00f2 di corsa esattamente dalla direzione in cui avevo avuto l&#8217;incidente.<br \/>\nCoincidenza? Forse. Eppure Lupo non \u00e8 mai scappato n\u00e9 prima n\u00e9 dopo.<\/p>\n<p style=\"text-align: justify;\">Comunque sia quel giorno di venticinque anni fa rappresenta uno dei punti fermi della mia vita e non sto a ricordarlo per quello che ho sofferto, ma per quello che mi ha, ne sono convinto aiutato a diventare.<br \/>\nOvviamente quel giorno segn\u00f2 il mio non andare pi\u00f9 a scuola per quell&#8217;anno: fortunatamente i miei voti mi aiutarono a non avere problemi nell&#8217;essere promosso. D&#8217;altronde per settimane memorizzare le cose fu impossibile, per cui non avrei certo potuto ottenere granch\u00e9.<br \/>\nCi fu una professoressa, quella che pi\u00f9 di tutte ha influenzato il mio modo d&#8217;essere e di pensare, che mi chiam\u00f2 tutti i giorni per sapere come stessi. Ogni singolo giorno per settimane.<br \/>\nE ci fui io che, istintivamente, diventai qualcun altro.<br \/>\nIo ero sempre stato timido ai limiti del silenzio, avevo paura di aprire bocca con chiunque non conoscessi, avevo anni di vita da secchione sfigato e preso per i fondelli sulle spalle e gli unici momenti in cui questo, in parte, cambiava erano le vacanze estive, soprattutto al mare: ma dopo quell&#8217;incidente iniziai a essere diverso anche altrove. Iniziai a essere, probabilmente, me stesso in pi\u00f9 situazioni, a dirmi che non valeva la pena non esserlo, a ridere molto di pi\u00f9 di ci\u00f2 che mi succedeva intorno perch\u00e9, diciamocelo, in quell&#8217;incidente avrei potuto rimanerci e forse, forse, forse, dare una certa priorit\u00e0 alle cose era utile e necessario.<\/p>\n<p style=\"text-align: justify;\">Non dico di aver avuto l&#8217;illuminazione, anzi, i cambiamenti nel mio comportamento mi furono indicati esternamente prima che me ne accorgessi io e solo dopo mi resi conto di quanto fosse vero. L&#8217;anno seguente vissi la scuola meglio di quanto avessi mai fatto prima, mi misi insieme alla mia prima ragazza dopo anni di due di picche (o di cotte silenziose), iniziai a godere molto pi\u00f9 le cose che mi circondavano.<br \/>\nPoi arrivarono nuove batoste, nuovi cambiamenti, nuove necessit\u00e0 di rinnovarsi e scoprirsi, ma una parte di me \u00e8 sicura che se non fosse successo quell&#8217;incidente quel giorno, se quel tizio avesse guidato pi\u00f9 lentamente, se io fossi riuscito a fermarmi o a non andare a fare la spesa, ecco, probabilmente non avrei liberato me stesso da certe zavorre che mi portavo dietro: magari sarebbe successo in futuro, ovviamente non posso dirlo, ma di certo quel momento liber\u00f2 una parte di me, indipendentemente dal dolore, dallo spavento, dalle cicatrici.<\/p>\n<p style=\"text-align: justify;\">Venticinque anni dal trauma cranico.<br \/>\nIn sostanza ho trascorso molto pi\u00f9 tempo scemo che savio, sar\u00e0 questo il segreto? \ud83d\ude09<\/p>\n","protected":false},"excerpt":{"rendered":"<p>Era un sabato, il 9 maggio del 1992. Ricordo alcune cose, non tutte, mai tutte. Ricordo che i miei erano alla casa in campagna dal venerd\u00ec o forse prima, ricordo&#46;&#46;&#46;<\/p>\n","protected":false},"author":1,"featured_media":0,"comment_status":"open","ping_status":"closed","sticky":false,"template":"","format":"standard","meta":{"_monsterinsights_skip_tracking":false,"_monsterinsights_sitenote_active":false,"_monsterinsights_sitenote_note":"","_monsterinsights_sitenote_category":0,"_s2mail":"yes","ngg_post_thumbnail":0,"jetpack_post_was_ever_published":false,"_jetpack_newsletter_access":"","_jetpack_dont_email_post_to_subs":false,"_jetpack_newsletter_tier_id":0,"_jetpack_memberships_contains_paywalled_content":false,"_jetpack_memberships_contains_paid_content":false,"footnotes":""},"categories":[6,4],"tags":[],"class_list":["post-6423","post","type-post","status-publish","format-standard","hentry","category-riflessioni","category-still-life"],"aioseo_notices":[],"jetpack_featured_media_url":"","jetpack_sharing_enabled":true,"jetpack_shortlink":"https:\/\/wp.me\/p8QUWp-1FB","jetpack_likes_enabled":true,"jetpack-related-posts":[{"id":5992,"url":"https:\/\/oldmanaries.it\/index.php\/2016\/12\/08\/in-diretta-dal-passato-o-forse-no\/","url_meta":{"origin":6423,"position":0},"title":"In diretta dal passato. O forse no.","author":"Aries","date":"8 Dicembre 2016","format":false,"excerpt":"Oggi, quasi per caso, su Facebook sono partiti una serie di commenti tra miei ex-compagni delle medie, a ricordare momenti di quegli anni. Mi ha colpito vedere come diversi di loro avessero ricordi limpidi e impressi di varie cose: io mi sono trovato pi\u00f9 di una volta a dover fare\u2026","rel":"","context":"In &quot;Riflessioni&quot;","block_context":{"text":"Riflessioni","link":"https:\/\/oldmanaries.it\/index.php\/category\/riflessioni\/"},"img":{"alt_text":"","src":"","width":0,"height":0},"classes":[]},{"id":10379,"url":"https:\/\/oldmanaries.it\/index.php\/2021\/09\/17\/25-anni-dopo\/","url_meta":{"origin":6423,"position":1},"title":"25 anni dopo","author":"Aries","date":"17 Settembre 2021","format":false,"excerpt":"Estate 1985 Nel momento in cui scrivo queste parole, venticinque anni fa, eri alle ultime ore di vita e non lo sapevamo. Col senno di poi ci illudevamo, ma fatto sta che no, non ne avevamo idea. \u00c8 strano rendersi conto di cosa puoi ricordare a distanza di tanto tempo\u2026","rel":"","context":"In &quot;Riflessioni&quot;","block_context":{"text":"Riflessioni","link":"https:\/\/oldmanaries.it\/index.php\/category\/riflessioni\/"},"img":{"alt_text":"","src":"https:\/\/i0.wp.com\/oldmanaries.it\/wp-content\/uploads\/2021\/09\/ScanImage710.jpg?resize=350%2C200&ssl=1","width":350,"height":200,"srcset":"https:\/\/i0.wp.com\/oldmanaries.it\/wp-content\/uploads\/2021\/09\/ScanImage710.jpg?resize=350%2C200&ssl=1 1x, https:\/\/i0.wp.com\/oldmanaries.it\/wp-content\/uploads\/2021\/09\/ScanImage710.jpg?resize=525%2C300&ssl=1 1.5x, https:\/\/i0.wp.com\/oldmanaries.it\/wp-content\/uploads\/2021\/09\/ScanImage710.jpg?resize=700%2C400&ssl=1 2x, https:\/\/i0.wp.com\/oldmanaries.it\/wp-content\/uploads\/2021\/09\/ScanImage710.jpg?resize=1050%2C600&ssl=1 3x, https:\/\/i0.wp.com\/oldmanaries.it\/wp-content\/uploads\/2021\/09\/ScanImage710.jpg?resize=1400%2C800&ssl=1 4x"},"classes":[]},{"id":4776,"url":"https:\/\/oldmanaries.it\/index.php\/2015\/09\/25\/166-come-sherlock-holmes\/","url_meta":{"origin":6423,"position":2},"title":"166. Come Sherlock Holmes","author":"Aries","date":"25 Settembre 2015","format":false,"excerpt":"Come dicevo qualche giorno fa, ho deciso di digitalizzare tutte le foto che ho in casa, per evitare possano andare perdute. Ho gi\u00e0 parlato dell'effetto sulla memoria, ma stasera volevo sottolineare un aspetto pi\u00f9 pratico. Mio padre, quando facevamo sviluppare un rullino, aveva spesso l'abitudine di segnare dietro ogni foto\u2026","rel":"","context":"In &quot;Riflessioni&quot;","block_context":{"text":"Riflessioni","link":"https:\/\/oldmanaries.it\/index.php\/category\/riflessioni\/"},"img":{"alt_text":"19760913","src":"https:\/\/i0.wp.com\/www.oldmanaries.it\/wp-content\/uploads\/2015\/09\/19760913-1.jpg?resize=350%2C200&ssl=1","width":350,"height":200},"classes":[]},{"id":4753,"url":"https:\/\/oldmanaries.it\/index.php\/2015\/09\/18\/159-letteralmente-una-vita\/","url_meta":{"origin":6423,"position":3},"title":"159. Letteralmente una vita","author":"Aries","date":"18 Settembre 2015","format":false,"excerpt":"Potrei anche non scrivere questo post. Quanti ne ho scritti, in questa data, negli anni? Cosa si pu\u00f2 aggiungere se non che le cose, nell'anima, restano uguali? Eppure quanto ingiusto sarebbe non scriverlo? C'\u00e8 che sciacqua la memoria periodicamente, chi in qualche modo la resetta. Io, con la memoria, convivo\u2026","rel":"","context":"In &quot;Riflessioni&quot;","block_context":{"text":"Riflessioni","link":"https:\/\/oldmanaries.it\/index.php\/category\/riflessioni\/"},"img":{"alt_text":"Io e Mamma","src":"https:\/\/i0.wp.com\/www.oldmanaries.it\/wp-content\/uploads\/2015\/09\/Io-e-Mamma-1024x726-1.jpg?resize=350%2C200&ssl=1","width":350,"height":200},"classes":[]},{"id":3599,"url":"https:\/\/oldmanaries.it\/index.php\/2013\/03\/07\/sai-babbo\/","url_meta":{"origin":6423,"position":4},"title":"Sai, Babbo","author":"Aries","date":"7 Marzo 2013","format":false,"excerpt":"Ciao Dado, da quanto tempo non ti chiamo cos\u00ec? E, soprattutto, da quanto tempo non ti chiamo? Sai, Pap\u00e0. sono cambiate tante cose da quando non sei pi\u00f9 qui e tante, ne sono certo, cambieranno ancora. Sai, Babbo, ci sono tante cose a cui ripenso. A quante volte ti ho\u2026","rel":"","context":"In &quot;Riflessioni&quot;","block_context":{"text":"Riflessioni","link":"https:\/\/oldmanaries.it\/index.php\/category\/riflessioni\/"},"img":{"alt_text":"","src":"","width":0,"height":0},"classes":[]},{"id":7125,"url":"https:\/\/oldmanaries.it\/index.php\/2018\/12\/19\/lo-scrivo-oggi\/","url_meta":{"origin":6423,"position":5},"title":"Lo scrivo oggi","author":"Aries","date":"19 Dicembre 2018","format":false,"excerpt":"Lo scrivo oggi perch\u00e9 non so se domani avr\u00f2 voglia di farlo. E perch\u00e9 domani \u00e8 anche il compleanno di Miss Sauron e cercher\u00f2 di pensare a quello. E perch\u00e9 forse, se lo scrivo oggi che non \u00e8 ancora il giorno, forse, dico forse, \u00e8 meno difficile farlo. Se esiste\u2026","rel":"","context":"In &quot;Dolore&quot;","block_context":{"text":"Dolore","link":"https:\/\/oldmanaries.it\/index.php\/category\/dolore\/"},"img":{"alt_text":"","src":"","width":0,"height":0},"classes":[]}],"_links":{"self":[{"href":"https:\/\/oldmanaries.it\/index.php\/wp-json\/wp\/v2\/posts\/6423","targetHints":{"allow":["GET"]}}],"collection":[{"href":"https:\/\/oldmanaries.it\/index.php\/wp-json\/wp\/v2\/posts"}],"about":[{"href":"https:\/\/oldmanaries.it\/index.php\/wp-json\/wp\/v2\/types\/post"}],"author":[{"embeddable":true,"href":"https:\/\/oldmanaries.it\/index.php\/wp-json\/wp\/v2\/users\/1"}],"replies":[{"embeddable":true,"href":"https:\/\/oldmanaries.it\/index.php\/wp-json\/wp\/v2\/comments?post=6423"}],"version-history":[{"count":0,"href":"https:\/\/oldmanaries.it\/index.php\/wp-json\/wp\/v2\/posts\/6423\/revisions"}],"wp:attachment":[{"href":"https:\/\/oldmanaries.it\/index.php\/wp-json\/wp\/v2\/media?parent=6423"}],"wp:term":[{"taxonomy":"category","embeddable":true,"href":"https:\/\/oldmanaries.it\/index.php\/wp-json\/wp\/v2\/categories?post=6423"},{"taxonomy":"post_tag","embeddable":true,"href":"https:\/\/oldmanaries.it\/index.php\/wp-json\/wp\/v2\/tags?post=6423"}],"curies":[{"name":"wp","href":"https:\/\/api.w.org\/{rel}","templated":true}]}}