{"id":6145,"date":"2017-01-22T23:29:30","date_gmt":"2017-01-22T22:29:30","guid":{"rendered":"http:\/\/www.ariesblog.it\/?p=6145"},"modified":"2017-01-22T23:29:30","modified_gmt":"2017-01-22T22:29:30","slug":"ognuno-ha-gli-eroi-che-si-sceglie","status":"publish","type":"post","link":"https:\/\/oldmanaries.it\/index.php\/2017\/01\/22\/ognuno-ha-gli-eroi-che-si-sceglie\/","title":{"rendered":"Ognuno ha gli eroi che si sceglie"},"content":{"rendered":"<p style=\"text-align: justify;\">Charlie Hebdo ha, per la seconda volta, fatto una vignetta che ha fatto incazzare gli italiani.<br \/>\nUna vignetta brutta, ma difficilmente tra le (poche) vignette di Hebdo che mi sia capitato di vedere ne ho trovata una bella.<br \/>\nTutta piuttosto grevi o provocatorie, alcune erano mirate decentemente, altre totalmente fuori fuoco.<\/p>\n<p style=\"text-align: justify;\">Quindi no, non sono un fan di Charlie Hebdo.<br \/>\nPer\u00f2 ero tra quelli che hanno ripetuto Je Suis Charlie.<br \/>\nE non sono tra quelli che si sono incazzati.<br \/>\nSoprattutto non sono tra quelli (e ce ne sono stati) che si sono augurati un nuovo sterminio nelle strade francesi.<\/p>\n<p style=\"text-align: justify;\">Che, si sa, si \u00e8 solidali finch\u00e9 non ti toccano in casa, a quel punto lo sterminio \u00e8 giustificato.<\/p>\n<p style=\"text-align: justify;\">Beh, sapete cosa? Lo sterminio non \u00e8 giustificato, mai. Mi sembra assurdo doverlo scrivere, ma evidentemente tocca.<br \/>\nNon solo: trovare una vignetta orribile \u00e8 legittimo, ma la verit\u00e0 \u00e8 che basta non cagarla. La visibilit\u00e0 maggiore a una vignetta di un giornale satirico \u00e8 spesso data proprio da coloro che si indignano e si incazzano.<\/p>\n<p style=\"text-align: justify;\">Hanno fatto una gran brutta vignetta.<br \/>\n\u00c8 satira. Satira non sempre (o spesso) ben riuscita, ma \u00e8 satira. Pu\u00f2 piacere o non piacere e ci si ferma l\u00ec. Loro liberi di pubblicarla, voi liberi di non gradirla.<br \/>\nNessuno libero di ordinare la censura.<\/p>\n<p style=\"text-align: justify;\">Ma qui aggiungerei qualche nota di colore, perch\u00e9 poi dietro alla vignetta di Charlie Hebdo ne \u00e8 nata un&#8217;altra un vignettista che, onestamente, non conoscevo.<br \/>\nLo ammetto, la risposta \u00e8 stata centrata e, diciamocelo, in perfetto stile italiano classico: sberleffo verso chi si \u00e8 macchiato di offenderci. Tutto bene, quindi? Ni.<\/p>\n<p style=\"text-align: justify;\">Perch\u00e9 poi molti si sono messi a incensare questo nuovo eroe nazionale che ha mostrato ai&nbsp;<em>mangiarane&nbsp;<\/em>(forza, sprechiamoci in frasi banali e non scordiamoci del bidet, eh?) di che pasta siamo fatti noi italiani.<br \/>\nUn grande vignettista, da portare in palmo di mano per aver difeso l&#8217;onore tradito della nostra patria.<\/p>\n<p style=\"text-align: justify;\">Gi\u00e0.<\/p>\n<p style=\"text-align: justify;\">Poi sono andato a guardare le sue altre vignette.<\/p>\n<p style=\"text-align: justify;\">Razzismo.<br \/>\nSessismo.<br \/>\nPopulismo.<\/p>\n<p style=\"text-align: justify;\">Per un attimo mi domando se questo sia davvero l&#8217;eroe che molti vorrebbero portare in palmo di naso solo per aver vinto una gara a chi ce lo avesse pi\u00f9 lungo con Charlie Hebdo.<\/p>\n<p style=\"text-align: justify;\">Poi mi rispondo da solo e la risposta non \u00e8 affatto consolante.<\/p>\n<p style=\"text-align: justify;\">Affatto.<\/p>\n","protected":false},"excerpt":{"rendered":"<p>Charlie Hebdo ha, per la seconda volta, fatto una vignetta che ha fatto incazzare gli italiani. Una vignetta brutta, ma difficilmente tra le (poche) vignette di Hebdo che mi sia&#46;&#46;&#46;<\/p>\n","protected":false},"author":1,"featured_media":0,"comment_status":"open","ping_status":"closed","sticky":false,"template":"","format":"standard","meta":{"_monsterinsights_skip_tracking":false,"_monsterinsights_sitenote_active":false,"_monsterinsights_sitenote_note":"","_monsterinsights_sitenote_category":0,"_s2mail":"yes","ngg_post_thumbnail":0,"jetpack_post_was_ever_published":false,"_jetpack_newsletter_access":"","_jetpack_dont_email_post_to_subs":false,"_jetpack_newsletter_tier_id":0,"_jetpack_memberships_contains_paywalled_content":false,"_jetpack_memberships_contains_paid_content":false,"footnotes":""},"categories":[6],"tags":[],"class_list":["post-6145","post","type-post","status-publish","format-standard","hentry","category-riflessioni"],"aioseo_notices":[],"jetpack_featured_media_url":"","jetpack_sharing_enabled":true,"jetpack_shortlink":"https:\/\/wp.me\/p8QUWp-1B7","jetpack_likes_enabled":true,"jetpack-related-posts":[{"id":5735,"url":"https:\/\/oldmanaries.it\/index.php\/2016\/09\/02\/je-suis-o-non-je-suis\/","url_meta":{"origin":6145,"position":0},"title":"Je suis o non Je suis?","author":"Aries","date":"2 Settembre 2016","format":false,"excerpt":"Ok, data l'ondata di post al riguardo su Facebook uso casa mia per dire la mia e chi ha voglia legga, chi non ha voglia amen. La questione, per chi non lo sapesse, \u00e8 una vignetta pubblicata da Charlie Hebdo nell'ultimo numero. La vignetta in questione \u00e8 questa: Ora, partiamo\u2026","rel":"","context":"In &quot;Riflessioni&quot;","block_context":{"text":"Riflessioni","link":"https:\/\/oldmanaries.it\/index.php\/category\/riflessioni\/"},"img":{"alt_text":"","src":"https:\/\/i0.wp.com\/www.oldmanaries.it\/wp-content\/uploads\/2016\/09\/CharlieHebdo.jpg?resize=350%2C200&ssl=1","width":350,"height":200},"classes":[]},{"id":1498,"url":"https:\/\/oldmanaries.it\/index.php\/2011\/02\/13\/un-bambino-ed-il-suo-tigrotto\/","url_meta":{"origin":6145,"position":1},"title":"Un bambino ed il suo tigrotto","author":"Aries","date":"13 Febbraio 2011","format":false,"excerpt":"Difficile credere che qualcuno possa non conoscere Calvin & Hobbes, la splendida striscia ideata e disegnata da Bill Watterson dal novembre 1985 al dicembre 1995. Difficile perch\u00e9 anche se magari non si ha avuto l'occasione di leggerla assiduamente o anche sporadicamente, si tratta di una di quelle opere che sono\u2026","rel":"","context":"In &quot;Bill Watterson&quot;","block_context":{"text":"Bill Watterson","link":"https:\/\/oldmanaries.it\/index.php\/category\/dalla-mia-libreria\/bill-watterson\/"},"img":{"alt_text":"","src":"https:\/\/i0.wp.com\/themeekgroup.com\/Snowmen\/CalvinAndHobbesSnowman.jpg?resize=350%2C200","width":350,"height":200},"classes":[]},{"id":544,"url":"https:\/\/oldmanaries.it\/index.php\/2007\/06\/15\/ma-sono-nate-tutte-in-questo-periodo\/","url_meta":{"origin":6145,"position":2},"title":"Ma sono nate tutte in questo periodo?","author":"Aries","date":"15 Giugno 2007","format":false,"excerpt":"Fatto sta che oggi Caterinapin compie gli anni, indi per cui BUON COMPLEANNO, CATE! Aggiornamento: come promesso ecco la vignetta di auguri, con tanti ringraziamenti alla velocit\u00e0 di Sean","rel":"","context":"In &quot;Varie ed eventuali&quot;","block_context":{"text":"Varie ed eventuali","link":"https:\/\/oldmanaries.it\/index.php\/category\/varie-ed-eventuali\/"},"img":{"alt_text":"","src":"","width":0,"height":0},"classes":[]},{"id":547,"url":"https:\/\/oldmanaries.it\/index.php\/2007\/06\/18\/ed-oggi-tocca-a\/","url_meta":{"origin":6145,"position":3},"title":"Ed oggi tocca a&#8230;","author":"Aries","date":"18 Giugno 2007","format":false,"excerpt":"Alla Svitata che compie gli anni e non ha assolutamente insistito per avere la vignetta di auguri :)","rel":"","context":"In &quot;Comics r us&quot;","block_context":{"text":"Comics r us","link":"https:\/\/oldmanaries.it\/index.php\/category\/comics-r-us\/"},"img":{"alt_text":"","src":"","width":0,"height":0},"classes":[]},{"id":569,"url":"https:\/\/oldmanaries.it\/index.php\/2007\/07\/08\/ora-si-puo\/","url_meta":{"origin":6145,"position":4},"title":"Ora si pu\u00f2&#8230;","author":"Aries","date":"8 Luglio 2007","format":false,"excerpt":"Ieri \u00e8 stato il compleanno di Marcy, ma visto che la vignetta di Ombre era anche il bigliettino di auguri che accompagnava il suo regalo ho aspettato oggi per pubblicarla: dopo che la destinataria ha pi\u00f9 che gradito posso farla vedere anche a tutti gli altri :)","rel":"","context":"In &quot;Comics r us&quot;","block_context":{"text":"Comics r us","link":"https:\/\/oldmanaries.it\/index.php\/category\/comics-r-us\/"},"img":{"alt_text":"","src":"","width":0,"height":0},"classes":[]},{"id":6131,"url":"https:\/\/oldmanaries.it\/index.php\/2017\/01\/17\/ricordi-di-ghiaccio\/","url_meta":{"origin":6145,"position":5},"title":"Ricordi di ghiaccio","author":"Aries","date":"17 Gennaio 2017","format":false,"excerpt":"Tutti noi che amiamo leggere abbiamo qualche libro o fumetto che, da ragazzini, abbiamo amato pi\u00f9 degli altri \u00a0tanto da rileggerlo decine e decine di volte. Come si pu\u00f2 immaginare, io ne ho diversi, soprattutto se parliamo di fumetti: i libri sono quasi sempre stati una lettura unica, stranamente. Ricordo\u2026","rel":"","context":"In &quot;Dalla mia libreria&quot;","block_context":{"text":"Dalla mia libreria","link":"https:\/\/oldmanaries.it\/index.php\/category\/dalla-mia-libreria\/"},"img":{"alt_text":"","src":"https:\/\/i0.wp.com\/www.oldmanaries.it\/wp-content\/uploads\/2017\/01\/Topolino_1411-1.jpg?resize=350%2C200&ssl=1","width":350,"height":200},"classes":[]}],"_links":{"self":[{"href":"https:\/\/oldmanaries.it\/index.php\/wp-json\/wp\/v2\/posts\/6145","targetHints":{"allow":["GET"]}}],"collection":[{"href":"https:\/\/oldmanaries.it\/index.php\/wp-json\/wp\/v2\/posts"}],"about":[{"href":"https:\/\/oldmanaries.it\/index.php\/wp-json\/wp\/v2\/types\/post"}],"author":[{"embeddable":true,"href":"https:\/\/oldmanaries.it\/index.php\/wp-json\/wp\/v2\/users\/1"}],"replies":[{"embeddable":true,"href":"https:\/\/oldmanaries.it\/index.php\/wp-json\/wp\/v2\/comments?post=6145"}],"version-history":[{"count":0,"href":"https:\/\/oldmanaries.it\/index.php\/wp-json\/wp\/v2\/posts\/6145\/revisions"}],"wp:attachment":[{"href":"https:\/\/oldmanaries.it\/index.php\/wp-json\/wp\/v2\/media?parent=6145"}],"wp:term":[{"taxonomy":"category","embeddable":true,"href":"https:\/\/oldmanaries.it\/index.php\/wp-json\/wp\/v2\/categories?post=6145"},{"taxonomy":"post_tag","embeddable":true,"href":"https:\/\/oldmanaries.it\/index.php\/wp-json\/wp\/v2\/tags?post=6145"}],"curies":[{"name":"wp","href":"https:\/\/api.w.org\/{rel}","templated":true}]}}