{"id":6141,"date":"2017-01-21T00:48:54","date_gmt":"2017-01-20T23:48:54","guid":{"rendered":"http:\/\/www.ariesblog.it\/?p=6141"},"modified":"2017-01-21T00:48:54","modified_gmt":"2017-01-20T23:48:54","slug":"percezioni","status":"publish","type":"post","link":"https:\/\/oldmanaries.it\/index.php\/2017\/01\/21\/percezioni\/","title":{"rendered":"Percezioni"},"content":{"rendered":"<p style=\"text-align: justify;\">Quando aprii questo blog e, a partire da allora, per molti anni a seguire, evitai volontariamente di associarlo alla mia identit\u00e0 &#8220;reale&#8221;. Soltanto gli amici pi\u00f9 stretti ne conoscevano l&#8217;esistenza, mentre gli altri e i conoscenti no.&nbsp;<br \/>\nI social, all&#8217;apertura, non erano cos\u00ec diffusi e quando invece lo divennero, scelsi per una buon lasso di tempo di condividere su Twitter, dove usavo quasi lo stesso nick, ma non su facebook, dove invece avevo nome e cognome.<br \/>\nI motivi erano molteplici: da un parte l&#8217;ovvia possibilit\u00e0 di parlare pi\u00f9 liberamente senza che mi si conoscesse; l&#8217;anonimato o, comunque, l&#8217;incognito danno una libert\u00e0 che nome e cognome, per ovvi motivi, tolgono.<br \/>\nIn secondo luogo ma per certi versi molto pi\u00f9 importante c&#8217;era il desiderio di scoprire come sarei &#8220;arrivato&#8221; a chi non mi conosceva e fosse stato costretto (se l&#8217;avesse desiderato) a scoprirmi solo attraverso le mie parole.<\/p>\n<p style=\"text-align: justify;\">Poi, anni dopo, ho deciso di allentare la regola ed \u00e8 ormai un bel po&#8217; che condivido i post anche su Facebook. Un po&#8217; perch\u00e9, ovviamente, la condivisione su un tale social permette una maggiore diffusione, ma anche perch\u00e9 mi sono reso conto che un mezzo come un blog pu\u00f2 dare luce diversa su chi scrive anche a chi lo conosce o pensa di conoscerlo.<\/p>\n<p style=\"text-align: justify;\">\u00c8 innegabile che la nostra complessit\u00e0 (e qui potrei anche riallacciarmi al discorso di ieri sera) faccia s\u00ec che chiunque si interfacci con noi riesca a percepire solo alcuni aspetti: magari qualcuno ne assimiler\u00e0 di pi\u00f9, qualcuno solo uno o neanche quello, difficilmente ci sar\u00e0 chi li comprender\u00e0 per bene tutti; ed \u00e8 interessante, anche se a volte emotivamente provante, scoprire chi ci vede in un certo modo e chi in un altro e in che modo si sono formati questa idea.<\/p>\n<p style=\"text-align: justify;\">Ovviamente io in primis sono stato visto in molti modi, alcuni molto realistici, altri palesemente infondati, altri ancora in un punto indefinito tra i due estremi: modi che, fusi insieme, possono dare un quadro interessante non solo di chi viene visto, ma anche e soprattutto di chi guarda.<br \/>\nIn fondo, ci\u00f2 che notiamo negli altri \u00e8, di solito, un aspetto sui quali siamo sensibili: sia esso perch\u00e9 \u00e8 parte di noi &nbsp;o perch\u00e9 lo detestiamo con tutti noi stessi.<\/p>\n<p style=\"text-align: justify;\">Ho perso il conto di quante volte mi \u00e8 stato detto che ero tanto &#8220;buono&#8221; e delle altrettante in cui ho cercato di spiegare che non era esattamente cos\u00ec.<\/p>\n<p style=\"text-align: justify;\">Sono stato visto come sicuro di me, simpatico, odioso, arrogante, presuntuoso, rigido, disponibile, antipatico, secchione, self-made, illuminato, invidioso.&nbsp;<br \/>\nAnche razzista. S\u00ec, giuro, a me. Tempo fa nei commenti su questo blog.<\/p>\n<p style=\"text-align: justify;\">Non mi interessa stare qui a sindacare su quali di questi (e mille altri aggettivi) siano veri e in che misura, ma mi interessa notare quanto alcuni di questi siano totalmente o quasi incompatibili.<br \/>\nEppure c&#8217;\u00e8 chi li ha pensati.<br \/>\nQualcuno avr\u00e0 avuto ragione, qualcuno torto, qualcuno in parte entrambe le cose.<br \/>\nTutti avranno avuto in comune una cosa: la convinzione di aver visto giusto.<\/p>\n<p style=\"text-align: justify;\">Faccio un altro esempio che, in realt\u00e0, \u00e8 lo spunto da cui sono nate queste riflessioni.<br \/>\nL&#8217;altra sera, durante la cena di cui parlavo ieri, \u00e8 venuta fuori una vicenda che accadde quando ero, mi sembra, in prima o seconda media. Presi un voto pi\u00f9 basso del solito. Non brutto, solo pi\u00f9 basso. L&#8217;equivalente di un sette invece di un otto.<br \/>\nPiansi, quel giorno, e poi non tornai a casa. Mi ritrovarono ore dopo mentre giravo per il quartiere.<br \/>\nDetta cos\u00ec pu\u00f2 sembrare la reazione esagerata e smodata di un ragazzino secchione e fu quello che qualche compagno di classe pens\u00f2, rendendomi in automatico pi\u00f9 antipatico, soprattutto a chi aveva comunque voti pi\u00f9 bassi dei miei.<br \/>\nNon sto biasimando, sia chiaro, sto constatando. Avevamo undici, dodici anni. Ci sta.<br \/>\nMa il motivo per cui quel giorno non tornai a casa, il motivo per cui scoppiai in lacrime, fu che &#8220;non tornare a casa se non prendi almeno un ottimo&#8221; era stata la frase di mia madre pochi giorni prima, urlatami dopo un compito in classe in cui avevo preso, di nuovo, un voto lievemente pi\u00f9 basso del massimo.<br \/>\nSe non ricordo male, condita anche da qualche dose di sberle.<br \/>\nSoffriva di esaurimento nervoso, ai tempi.<br \/>\nNon giustifico, ma contestualizzo.<br \/>\nSoffriva di esaurimento nervoso, ma quel ragazzino non era in grado di distinguere.<br \/>\nPer lui non c&#8217;era scelta, non in quel momento.<br \/>\nCos\u00ec non torn\u00f2 a casa ma, non sapendo dove andare, gir\u00f2 per il quartiere e quando degli amici di famiglia lo trovarono fuori da una cartoleria a guardare la vetrina, scoppi\u00f2 di nuovo a piangere sul loro sedile posteriore.<\/p>\n<p style=\"text-align: justify;\">Ecco.<br \/>\nQuel giorno divent\u00f2 pi\u00f9 antipatico a chi, non sapendo cosa ci fosse dietro, aveva pensato ai capricci di un secchione.<br \/>\nMagari, se si fosse saputo, lo sarebbe stato un po&#8217; di meno, ma and\u00f2 cos\u00ec.<\/p>\n<p style=\"text-align: justify;\">Tutto questo per ricordarvi che le prime deduzioni non sempre sono le migliori. A volte neanche le decime. E che ci\u00f2 che vedete potrebbe essere (e in effetti spesso \u00e8) la punta dell&#8217;iceberg di qualcosa di nascosto, oltre a essere (sempre) specchio di ci\u00f2 che, in qualche modo, voi stessi siete o vi aspettate.<\/p>\n<p style=\"text-align: justify;\">Non presupponete.<\/p>\n<p style=\"text-align: justify;\">E, se potete, chiedete.<\/p>\n<p style=\"text-align: justify;\">Non avete idea di quanto le cose potrebbero cambiare, per voi e per chi avete di fronte.<\/p>\n","protected":false},"excerpt":{"rendered":"<p>Quando aprii questo blog e, a partire da allora, per molti anni a seguire, evitai volontariamente di associarlo alla mia identit\u00e0 &#8220;reale&#8221;. Soltanto gli amici pi\u00f9 stretti ne conoscevano l&#8217;esistenza,&#46;&#46;&#46;<\/p>\n","protected":false},"author":1,"featured_media":0,"comment_status":"open","ping_status":"closed","sticky":false,"template":"","format":"standard","meta":{"_monsterinsights_skip_tracking":false,"_monsterinsights_sitenote_active":false,"_monsterinsights_sitenote_note":"","_monsterinsights_sitenote_category":0,"_s2mail":"yes","ngg_post_thumbnail":0,"jetpack_post_was_ever_published":false,"_jetpack_newsletter_access":"","_jetpack_dont_email_post_to_subs":false,"_jetpack_newsletter_tier_id":0,"_jetpack_memberships_contains_paywalled_content":false,"_jetpack_memberships_contains_paid_content":false,"footnotes":""},"categories":[6,4],"tags":[],"class_list":["post-6141","post","type-post","status-publish","format-standard","hentry","category-riflessioni","category-still-life"],"aioseo_notices":[],"jetpack_featured_media_url":"","jetpack_sharing_enabled":true,"jetpack_shortlink":"https:\/\/wp.me\/p8QUWp-1B3","jetpack_likes_enabled":true,"jetpack-related-posts":[{"id":135,"url":"https:\/\/oldmanaries.it\/index.php\/2006\/06\/15\/e-poi-io-dovrei-essere-normale\/","url_meta":{"origin":6141,"position":0},"title":"E poi io dovrei essere normale&#8230;","author":"Aries","date":"15 Giugno 2006","format":false,"excerpt":"La gatta di mio padre un paio di mesi fa ha partorito\u00a0quattro cuccioli:\u00a0uno \u00e8 stato ucciso da un cagnetto bastardo (che prima o poi subir\u00e0 la mia ira), un altro \u00e8 stato dato via, mentre gli ultimi due (un maschietto ed una femminuccia) ha deciso di tenerli. Orbene, dato che\u2026","rel":"","context":"In &quot;Still life&quot;","block_context":{"text":"Still life","link":"https:\/\/oldmanaries.it\/index.php\/category\/still-life\/"},"img":{"alt_text":"","src":"","width":0,"height":0},"classes":[]},{"id":6482,"url":"https:\/\/oldmanaries.it\/index.php\/2017\/06\/09\/di-pesche-di-beneficenza-motel-uomini-donne-asini-e-pinzillacchere\/","url_meta":{"origin":6141,"position":1},"title":"Di pesche di beneficenza, motel, uomini, donne, asini e pinzillacchere","author":"Aries","date":"9 Giugno 2017","format":false,"excerpt":"Quando ero ragazzino, nel mese di luglio, nel paese dove avevamo la casa in campagna, quella grandissima metropoli che prende il nome di Marano Ticino, si svolgeva la festa (appunto) del paese. Era un evento attesissimo dall'immensa (?) comunit\u00e0, che nelle settimane prevedeva innumerevoli preparativi e che culminava in una\u2026","rel":"","context":"In &quot;Still life&quot;","block_context":{"text":"Still life","link":"https:\/\/oldmanaries.it\/index.php\/category\/still-life\/"},"img":{"alt_text":"","src":"","width":0,"height":0},"classes":[]},{"id":2596,"url":"https:\/\/oldmanaries.it\/index.php\/2011\/08\/24\/e-fossero-solo-i-clienti\/","url_meta":{"origin":6141,"position":2},"title":"E fossero solo i clienti&#8230;","author":"Aries","date":"24 Agosto 2011","format":false,"excerpt":"Stamattina, in auto, ho ben pensato di chiamare l'Enel: volevo verificare che una voltura fosse stata fatta a dovere; piccolo particolare: questa utenza era in origine intestata a mio padre, poi girata a me ed ora girata ad uno dei miei neo-fratelli, il che significa stesso Cognome e tre nomi\u2026","rel":"","context":"In &quot;Still life&quot;","block_context":{"text":"Still life","link":"https:\/\/oldmanaries.it\/index.php\/category\/still-life\/"},"img":{"alt_text":"","src":"","width":0,"height":0},"classes":[]},{"id":1499,"url":"https:\/\/oldmanaries.it\/index.php\/2011\/02\/15\/pulizia-e-pensieri\/","url_meta":{"origin":6141,"position":3},"title":"Pulizia e pensieri","author":"Aries","date":"15 Febbraio 2011","format":false,"excerpt":"Ieri ho fatto un po\" di pulizia nei link del blog: ogni tanto faccio un giro tra i link segnalati e guardo se sono ancora validi, se funzionano, se sono aggiornati, ecc... Devo dire che ne \u00e8 venuta fuori una situazione particolare: questo blog \u00e8 nato nel 2006, quindi a\u2026","rel":"","context":"In &quot;Riflessioni&quot;","block_context":{"text":"Riflessioni","link":"https:\/\/oldmanaries.it\/index.php\/category\/riflessioni\/"},"img":{"alt_text":"","src":"","width":0,"height":0},"classes":[]},{"id":936,"url":"https:\/\/oldmanaries.it\/index.php\/2008\/08\/08\/le-cose-non-saranno-mai-pi-le-stesse\/","url_meta":{"origin":6141,"position":4},"title":"Le cose non saranno mai pi&ugrave; le stesse","author":"Aries","date":"8 Agosto 2008","format":false,"excerpt":"Un gruppo o, per meglio dire, un duo che ho sempre trovato estremamente sottovalutato, soprattutto in Italia, sono i Roxette; Marie Fredriksson e Per Gessle, coppia artistica formatasi nel 1986 hanno prodotto quasi vent'anni di canzoni spesso di ottima qualit\u00e0\u00a0, purtroppo poco conosciute nel nostra paese dove ci siamo fermati\u2026","rel":"","context":"In &quot;Musica&quot;","block_context":{"text":"Musica","link":"https:\/\/oldmanaries.it\/index.php\/category\/musica\/"},"img":{"alt_text":"","src":"","width":0,"height":0},"classes":[]},{"id":7890,"url":"https:\/\/oldmanaries.it\/index.php\/2020\/10\/25\/di-cerchie-bolle-e-rotondita-varie\/","url_meta":{"origin":6141,"position":5},"title":"Di cerchie, bolle e rotondit\u00e0 varie","author":"Aries","date":"25 Ottobre 2020","format":false,"excerpt":"Photo by Pixabay on Pexels.com Non mi metter\u00f2 a commentare (per ora) la gestione indecente della pandemia da parte delle autorit\u00e0 a tutti i livelli, ma non dubito che accadr\u00e0 cos\u00ec come gi\u00e0 avveniva durante il (primo?) lockdown. Oggi per\u00f2 vorrei focalizzarmi su un'altra cosa, una serie di pensieri che\u2026","rel":"","context":"In &quot;Riflessioni&quot;","block_context":{"text":"Riflessioni","link":"https:\/\/oldmanaries.it\/index.php\/category\/riflessioni\/"},"img":{"alt_text":"bubbles chemistry close up color","src":"https:\/\/i0.wp.com\/oldmanaries.it\/wp-content\/uploads\/2020\/10\/pexels-photo-220989.jpeg?resize=350%2C200&ssl=1","width":350,"height":200,"srcset":"https:\/\/i0.wp.com\/oldmanaries.it\/wp-content\/uploads\/2020\/10\/pexels-photo-220989.jpeg?resize=350%2C200&ssl=1 1x, https:\/\/i0.wp.com\/oldmanaries.it\/wp-content\/uploads\/2020\/10\/pexels-photo-220989.jpeg?resize=525%2C300&ssl=1 1.5x, https:\/\/i0.wp.com\/oldmanaries.it\/wp-content\/uploads\/2020\/10\/pexels-photo-220989.jpeg?resize=700%2C400&ssl=1 2x, https:\/\/i0.wp.com\/oldmanaries.it\/wp-content\/uploads\/2020\/10\/pexels-photo-220989.jpeg?resize=1050%2C600&ssl=1 3x, https:\/\/i0.wp.com\/oldmanaries.it\/wp-content\/uploads\/2020\/10\/pexels-photo-220989.jpeg?resize=1400%2C800&ssl=1 4x"},"classes":[]}],"_links":{"self":[{"href":"https:\/\/oldmanaries.it\/index.php\/wp-json\/wp\/v2\/posts\/6141","targetHints":{"allow":["GET"]}}],"collection":[{"href":"https:\/\/oldmanaries.it\/index.php\/wp-json\/wp\/v2\/posts"}],"about":[{"href":"https:\/\/oldmanaries.it\/index.php\/wp-json\/wp\/v2\/types\/post"}],"author":[{"embeddable":true,"href":"https:\/\/oldmanaries.it\/index.php\/wp-json\/wp\/v2\/users\/1"}],"replies":[{"embeddable":true,"href":"https:\/\/oldmanaries.it\/index.php\/wp-json\/wp\/v2\/comments?post=6141"}],"version-history":[{"count":0,"href":"https:\/\/oldmanaries.it\/index.php\/wp-json\/wp\/v2\/posts\/6141\/revisions"}],"wp:attachment":[{"href":"https:\/\/oldmanaries.it\/index.php\/wp-json\/wp\/v2\/media?parent=6141"}],"wp:term":[{"taxonomy":"category","embeddable":true,"href":"https:\/\/oldmanaries.it\/index.php\/wp-json\/wp\/v2\/categories?post=6141"},{"taxonomy":"post_tag","embeddable":true,"href":"https:\/\/oldmanaries.it\/index.php\/wp-json\/wp\/v2\/tags?post=6141"}],"curies":[{"name":"wp","href":"https:\/\/api.w.org\/{rel}","templated":true}]}}