{"id":5864,"date":"2016-10-18T23:46:07","date_gmt":"2016-10-18T21:46:07","guid":{"rendered":"http:\/\/www.ariesblog.it\/?p=5864"},"modified":"2016-10-18T23:46:07","modified_gmt":"2016-10-18T21:46:07","slug":"plurali-sblagliati","status":"publish","type":"post","link":"https:\/\/oldmanaries.it\/index.php\/2016\/10\/18\/plurali-sblagliati\/","title":{"rendered":"Plurali sblagliati"},"content":{"rendered":"<p style=\"text-align: justify;\">Sar\u00f2 all&#8217;antica, ma ritengo che la qualit\u00e0 della comunicazione sia un elemento fondamentale nei rapporti interpersonali.<\/p>\n<p style=\"text-align: justify;\">Lavorativamente parlando tale qualit\u00e0 si compone di vari aspetti, ivi inclusi un&#8217;adeguata completezza, una buona velocit\u00e0 di risposta e, soprattutto, la capacit\u00e0 di esprimere i concetti mantenendo in qualunque caso una forma di rispetto e di educazione.<\/p>\n<p style=\"text-align: justify;\">Ci sono molti modi perch\u00e9 questi ultimi vengano a mancare: pretendere invece di chiedere, usare supponenza, non ascoltare obiezioni.<\/p>\n<p style=\"text-align: justify;\">Un qualcosa che li somma in un&#8217;unica spiacevole forma \u00e8 l&#8217;utilizzo esortativo della prima persona plurale al posto della seconda persona singolare (o, a volte, plurale).<\/p>\n<p style=\"text-align: justify;\">Sono certo che sar\u00e0 capitato a tutti qualche volta di sentirlo o, peggio, sentirselo dire.<\/p>\n<p style=\"text-align: justify;\">&#8220;Facciamo questa cosa&#8221; invece di &#8220;per favore, puoi fare questa cosa&#8221;.<\/p>\n<p style=\"text-align: justify;\">&#8220;Risolviamo questo problema&#8221; invece di &#8220;puoi verificare e intervenire?&#8221;.<\/p>\n<p style=\"text-align: justify;\">Cose del genere.<\/p>\n<p style=\"text-align: justify;\">Lo notate la differenza di tono?<\/p>\n<p style=\"text-align: justify;\">La supponenza che la prima forma trasmette?<\/p>\n<p style=\"text-align: justify;\">C&#8217;\u00e8 solo un caso in cui il &#8220;noi&#8221; \u00e8 corretto e accettabile ed \u00e8 quando chi lo usa\u00a0\u00e8 parte attiva assieme al suo interlocutore e quindi effettivo agente: &#8220;facciamo cos\u00ec&#8221;, detto da chi effettivamente far\u00e0 cos\u00ec assieme alla persona con cui sta parlando, implica inclusione. &#8220;Facciamo cos\u00ec&#8221; come richiesta esprime esclusivamente arroganza, presunzione, supponenza e, in molti casi, accusa.<\/p>\n<p style=\"text-align: justify;\">&#8220;Risolviamo, per favore&#8221; implica &#8220;com&#8217;\u00e8 possibile ci sia questo problema, imbecille che non sei altro?&#8221;, non certo &#8220;ho riscontrato questa problematica, puoi verificarla e risolverla?&#8221;.<\/p>\n<p style=\"text-align: justify;\">&#8220;Interveniamo&#8221; (anche con l&#8217;aggiunta di &#8220;gentilmente&#8221;, &#8220;per favore&#8221; o simili) significa &#8220;muovi il culo&#8221;, solo ed esclusivamente questo.<\/p>\n<p style=\"text-align: justify;\">E io, negli anni e con l&#8217;esperienza che ho, &#8220;muovi il culo&#8221; non me lo faccio dire da nessuno.<\/p>\n<p style=\"text-align: justify;\">&#8220;Muovi il culo&#8221; implica come risposta &#8220;io il culo l&#8217;ho mosso prima ancora che tu sapessi che ci fosse da muovere il culo e se ancora ci sono problemi puoi stare certo che interverr\u00f2 senza il tuo educato quanto utile sollecito&#8221;.<\/p>\n<p style=\"text-align: justify;\">Ovviamente con la dovuta educazione.<\/p>\n<p style=\"text-align: justify;\">Che i vaffanculo, tra le righe, si leggono comunque molto bene.<\/p>\n","protected":false},"excerpt":{"rendered":"<p>Sar\u00f2 all&#8217;antica, ma ritengo che la qualit\u00e0 della comunicazione sia un elemento fondamentale nei rapporti interpersonali. Lavorativamente parlando tale qualit\u00e0 si compone di vari aspetti, ivi inclusi un&#8217;adeguata completezza, una&#46;&#46;&#46;<\/p>\n","protected":false},"author":1,"featured_media":0,"comment_status":"open","ping_status":"closed","sticky":false,"template":"","format":"standard","meta":{"_monsterinsights_skip_tracking":false,"_monsterinsights_sitenote_active":false,"_monsterinsights_sitenote_note":"","_monsterinsights_sitenote_category":0,"_s2mail":"yes","ngg_post_thumbnail":0,"jetpack_post_was_ever_published":false,"_jetpack_newsletter_access":"","_jetpack_dont_email_post_to_subs":false,"_jetpack_newsletter_tier_id":0,"_jetpack_memberships_contains_paywalled_content":false,"_jetpack_memberships_contains_paid_content":false,"footnotes":""},"categories":[4],"tags":[],"class_list":["post-5864","post","type-post","status-publish","format-standard","hentry","category-still-life"],"aioseo_notices":[],"jetpack_featured_media_url":"","jetpack_sharing_enabled":true,"jetpack_shortlink":"https:\/\/wp.me\/p8QUWp-1wA","jetpack_likes_enabled":true,"jetpack-related-posts":[{"id":1463,"url":"https:\/\/oldmanaries.it\/index.php\/2010\/11\/23\/curiosita-al-volo\/","url_meta":{"origin":5864,"position":0},"title":"Curiosit\u00e0\u00a0 al volo","author":"Aries","date":"23 Novembre 2010","format":false,"excerpt":"Curiosit\u00e0\u00a0: sono l'unico a trovare \"vagamente\" irritante l'uso della prima persona plurale al posto della seconda singolare?In soldoni: a me sentir dire \"facciamo questa cosa\" al posto di \"fai questa cosa\" sa di una certa accondiscendenza mista a presa per il culo.Poi magari sono io, eh?","rel":"","context":"In &quot;Riflessioni&quot;","block_context":{"text":"Riflessioni","link":"https:\/\/oldmanaries.it\/index.php\/category\/riflessioni\/"},"img":{"alt_text":"","src":"","width":0,"height":0},"classes":[]},{"id":3061,"url":"https:\/\/oldmanaries.it\/index.php\/2012\/03\/16\/affidabile-de-che\/","url_meta":{"origin":5864,"position":1},"title":"Affidabile de che?","author":"Aries","date":"16 Marzo 2012","format":false,"excerpt":"Ecco, fossi una persona coerente cancellerei immediatamente il post di ieri, dato che la mia affidabilit\u00e0 lascia un bel po' a desiderare. Gi\u00e0, perch\u00e9 il premio di ieri mi era stato assegnato anche da un'altra, speciale, persona che si \u00e8 vista omessa esclusivamente per mio totale rincoglionimento. La scena? Ieri\u2026","rel":"","context":"In &quot;Blogday&quot;","block_context":{"text":"Blogday","link":"https:\/\/oldmanaries.it\/index.php\/category\/blogday\/"},"img":{"alt_text":"","src":"","width":0,"height":0},"classes":[]},{"id":947,"url":"https:\/\/oldmanaries.it\/index.php\/2008\/09\/02\/io-sono-helen-driscoll\/","url_meta":{"origin":5864,"position":2},"title":"Io sono Helen Driscoll","author":"Aries","date":"2 Settembre 2008","format":false,"excerpt":"Quando un autore \u00e8 famoso per un libro che diventa quasi leggendario ci sono due possibilit\u00e0 diametralmente opposte: la prima \u00e8 che quel romanzo si scopra un'eccezione e che il resto della sua produzione sia nel migliore dei casi mediocre, l'altra \u00e8 che invece la qualit\u00e0 complessiva di ci\u00f2 che\u2026","rel":"","context":"In &quot;Dalla mia libreria&quot;","block_context":{"text":"Dalla mia libreria","link":"https:\/\/oldmanaries.it\/index.php\/category\/dalla-mia-libreria\/"},"img":{"alt_text":"","src":"","width":0,"height":0},"classes":[]},{"id":218,"url":"https:\/\/oldmanaries.it\/index.php\/2006\/08\/21\/what-if-e-se\/","url_meta":{"origin":5864,"position":3},"title":"What If? (E se&#8230;?)","author":"Aries","date":"21 Agosto 2006","format":false,"excerpt":"Da avido lettore di fumetti e di fantascienza mi sono spesso trovato di fronte ad un'ipotesi quanto meno affascinante: quella delle realt\u00e0 alternative, i cosiddetti What If? La letteratura classica e quella a fumetti (oltre a film e telefilm) pullulano di storie in cui, in sostanza, ci si chiede \"Cosa\u2026","rel":"","context":"In &quot;Dalla mia libreria&quot;","block_context":{"text":"Dalla mia libreria","link":"https:\/\/oldmanaries.it\/index.php\/category\/dalla-mia-libreria\/"},"img":{"alt_text":"","src":"","width":0,"height":0},"classes":[]},{"id":560,"url":"https:\/\/oldmanaries.it\/index.php\/2007\/06\/30\/esperimenti-mentali\/","url_meta":{"origin":5864,"position":4},"title":"Esperimenti Mentali","author":"Aries","date":"30 Giugno 2007","format":false,"excerpt":"Avendo avuto una preparazione scolastica estremamente tecnica e quindi piuttosto carente dal punto di vista \"classico\" ed essendo io, come forse si \u00e8 notato, molto curioso, sono stato sempre piuttosto affascinato dalla filosofia, combattutto tra il ritenerla un insieme di seghe mentali a raffica ed, invece, farmi rapire da qualche\u2026","rel":"","context":"In &quot;Dalla mia libreria&quot;","block_context":{"text":"Dalla mia libreria","link":"https:\/\/oldmanaries.it\/index.php\/category\/dalla-mia-libreria\/"},"img":{"alt_text":"","src":"","width":0,"height":0},"classes":[]},{"id":914,"url":"https:\/\/oldmanaries.it\/index.php\/2008\/07\/14\/quando-gli-sviluppatori-sono-dei-geni\/","url_meta":{"origin":5864,"position":5},"title":"Quando gli sviluppatori sono dei geni","author":"Aries","date":"14 Luglio 2008","format":false,"excerpt":"Visto che spesso e volentieri si riversano male parole sugli utenti, stasera facciamo qualcosa di nuovo e riversiamone sugli sviluppatori, che non \u00e8 che siano tutti dei geni del software, non credete. In particolare vorrei capire cosa passa nella testa di quelli che scrivono i software automatici per verificare la\u2026","rel":"","context":"In &quot;Riflessioni&quot;","block_context":{"text":"Riflessioni","link":"https:\/\/oldmanaries.it\/index.php\/category\/riflessioni\/"},"img":{"alt_text":"","src":"","width":0,"height":0},"classes":[]}],"_links":{"self":[{"href":"https:\/\/oldmanaries.it\/index.php\/wp-json\/wp\/v2\/posts\/5864","targetHints":{"allow":["GET"]}}],"collection":[{"href":"https:\/\/oldmanaries.it\/index.php\/wp-json\/wp\/v2\/posts"}],"about":[{"href":"https:\/\/oldmanaries.it\/index.php\/wp-json\/wp\/v2\/types\/post"}],"author":[{"embeddable":true,"href":"https:\/\/oldmanaries.it\/index.php\/wp-json\/wp\/v2\/users\/1"}],"replies":[{"embeddable":true,"href":"https:\/\/oldmanaries.it\/index.php\/wp-json\/wp\/v2\/comments?post=5864"}],"version-history":[{"count":0,"href":"https:\/\/oldmanaries.it\/index.php\/wp-json\/wp\/v2\/posts\/5864\/revisions"}],"wp:attachment":[{"href":"https:\/\/oldmanaries.it\/index.php\/wp-json\/wp\/v2\/media?parent=5864"}],"wp:term":[{"taxonomy":"category","embeddable":true,"href":"https:\/\/oldmanaries.it\/index.php\/wp-json\/wp\/v2\/categories?post=5864"},{"taxonomy":"post_tag","embeddable":true,"href":"https:\/\/oldmanaries.it\/index.php\/wp-json\/wp\/v2\/tags?post=5864"}],"curies":[{"name":"wp","href":"https:\/\/api.w.org\/{rel}","templated":true}]}}