{"id":5599,"date":"2016-07-27T00:15:25","date_gmt":"2016-07-26T22:15:25","guid":{"rendered":"http:\/\/www.ariesblog.it\/?p=5599"},"modified":"2016-07-27T00:15:25","modified_gmt":"2016-07-26T22:15:25","slug":"evolvendo","status":"publish","type":"post","link":"https:\/\/oldmanaries.it\/index.php\/2016\/07\/27\/evolvendo\/","title":{"rendered":"Evolvendo"},"content":{"rendered":"<p style=\"text-align: justify;\">Ho aperto la mia attivit\u00e0, ufficialmente, il 1 gennaio 1999.<br \/>\nNon avevo ancora 25 anni e le mie conoscenze erano, come pu\u00f2 essere immaginabile, un decimo, probabilmente anche meno, di quelle che ho adesso.<\/p>\n<p style=\"text-align: justify;\">Aprii in modo probabilmente un po&#8217; irresponsabile, con un solo cliente inizialmente sicuro e la volont\u00e0 di offrire il maggior numero di servizi possibili: ricordo dei volantini in cui tra tutte le attivit\u00e0 proposte c&#8217;era anche la traduzione di testi, per dire.<br \/>\nErano anni senza adsl, senza social, in cui io stesso non avevo ancora un sito (e non lo avrei avuto per diverso tempo), la carta intestata aveva un logo che definire imbarazzante sarebbe essere clementi, sviluppavo software su piattaforme e linguaggi che ora non avvicinerei con un bastone da tre metri.<br \/>\nEro un principiante, cosciente di esserlo, ma con tanti sogni e speranze.<br \/>\nCi sono voluti anni di gavetta, gavetta vera, in cui mi dividevo tra il lavoro vero e proprio per la ditta, quello parallelo come docente aziendale e quello, quasi full-time per un periodo, di insegnante in una scuola superiore.<br \/>\nAnni in cui ogni cliente era un benedizione, in cui vendevo pc anche ai privati, in cui 50 o 100 euro guadagnati su un pc potevano cambiare l&#8217;andamento di un mese.<br \/>\nNon ho mai smesso di imparare.<br \/>\nImparare dai miei errori, imparare dalle nuove proposte che mi venivano fatte, imparare da un progetto dietro l&#8217;altro: ci\u00f2 che non sapevo fare (ed erano tante le cose), se non totalmente fuori portata, lo imparavo; in alcuni\u00a0casi ne diventavo anche esperto.<br \/>\nQuesto \u00e8 ci\u00f2 che ho sempre fatto, ci\u00f2 che faccio tutt&#8217;ora.<br \/>\nEvolvo.<br \/>\nE cos\u00ec fa la clientela a cui mi rivolgo, i clienti con cui lavoro.<br \/>\nSe anni fa potevano essere piccole aziende (o privati, finch\u00e9 non decisi di mollarli) che avevano certe esigenze di base e con le quali non ci si formalizzava troppo in termini di rapporti e servizi, col tempo le cose sono diventate pi\u00f9 grandi, serie e professionali: non lo dico per chiss\u00e0 quale desiderio di vantarmi, lo dico per pura presa di coscienza.<br \/>\nPotrei nominare almeno tre marchi nazionali o internazionali che lavorano o hanno lavorato con software sviluppato in toto o parzialmente da me.<\/p>\n<p style=\"text-align: justify;\">Ora, diciassette anni dopo, mi trovo quindi in una situazione piuttosto particolare: da una parte ho la clientela allineata con ci\u00f2 che sono ora, quella che mi d\u00e0 lavoro ogni mese, quella che mi fa lavorare a progetti di certe dimensioni, dall&#8217;altra ho quei piccoli clienti rimasti dai primi giorni; alcuni sono spariti, vuoi per esaurimento delle esigenze, vuoi per allontanamento naturale, ma due o tre sono rimasti.<br \/>\nIl che non sarebbe neanche un male: certo, non mi danno granch\u00e9 da vivere, ma in linea di massima sono poco invadenti e poco problematici.<\/p>\n<p style=\"text-align: justify;\">Ma (perch\u00e9, ovviamente. c&#8217;\u00e8 un ma).<br \/>\nLoro non sono evoluti. C&#8217;\u00e8 chi lavora con me da diciassette anni e, in diciassette anni, non ha mai aperto la sua mentalit\u00e0, non ha mai cercato di ottenere pi\u00f9 di quanto fosse la base e, spesso, neanche quella: risparmio immediato, poco sguardo al futuro, zero voglia di investire.<br \/>\nCos\u00ec era, cos\u00ec \u00e8.<br \/>\nInutile proporre innovazioni serie, il muro \u00e8 sempre stato l\u00ec ad attendere.<br \/>\nE per il me di diciassette anni fa non era un problema: io ero a quel livello allora.<br \/>\nPer il me odierno il problema c&#8217;\u00e8.<br \/>\nC&#8217;\u00e8 soprattutto se un cliente che non ti d\u00e0 da mangiare neanche per due settimane in un anno finisce per sentirsi in diritto di pretendere come se fosse il pi\u00f9 importante, come se tu non aspettassi altro che le sue richieste.<br \/>\nC&#8217;\u00e8 se si perde il senso della prospettiva, perch\u00e9 se 17 anni fa io non avevo termini di confronto, ora li ho eccome e, di nuovo, il re \u00e8 nudo.<\/p>\n<p style=\"text-align: justify;\">Per cui i clienti storici che hanno richieste equiparabili a quello che sono disposti a pagare sono ben accetti.<br \/>\nGli altri no.<br \/>\nNon pi\u00f9.<br \/>\nPerch\u00e9 il mio lavoro, mi spiace, vale molto pi\u00f9 di quello che loro sono disposti a offrire.<br \/>\nMotivo per cui, al 99%, entro settembre uno di questi clienti perder\u00e0 il suo consulente.<\/p>\n<p style=\"text-align: justify;\">La\u00a0mail sar\u00e0 una cosa del tipo\u00a0&#8220;mi rendo ormai conto che le vostre esigenze specifiche non sono compatibili con le disponibilit\u00e0 che sono in grado di darvi, per cui ritengo corretto lasciarvi liberi di scegliere un nuovo consulente pi\u00f9 adeguato alle vostre richieste&#8221;.<\/p>\n<p style=\"text-align: justify;\">Che, in diplomatichese, significa &#8220;non mi scassate pi\u00f9 le palle, perch\u00e9 non ho tempo da perdere con voi, cercatevi uno studente universitario che vuole arrotondare&#8221;.<\/p>\n<p style=\"text-align: justify;\">D&#8217;altronde mi sono evoluto anche nella comunicazione, no?<\/p>\n","protected":false},"excerpt":{"rendered":"<p>Ho aperto la mia attivit\u00e0, ufficialmente, il 1 gennaio 1999. Non avevo ancora 25 anni e le mie conoscenze erano, come pu\u00f2 essere immaginabile, un decimo, probabilmente anche meno, di&#46;&#46;&#46;<\/p>\n","protected":false},"author":1,"featured_media":0,"comment_status":"open","ping_status":"closed","sticky":false,"template":"","format":"standard","meta":{"_monsterinsights_skip_tracking":false,"_monsterinsights_sitenote_active":false,"_monsterinsights_sitenote_note":"","_monsterinsights_sitenote_category":0,"_s2mail":"yes","ngg_post_thumbnail":0,"jetpack_post_was_ever_published":false,"_jetpack_newsletter_access":"","_jetpack_dont_email_post_to_subs":false,"_jetpack_newsletter_tier_id":0,"_jetpack_memberships_contains_paywalled_content":false,"_jetpack_memberships_contains_paid_content":false,"footnotes":""},"categories":[6],"tags":[],"class_list":["post-5599","post","type-post","status-publish","format-standard","hentry","category-riflessioni"],"aioseo_notices":[],"jetpack_featured_media_url":"","jetpack_sharing_enabled":true,"jetpack_shortlink":"https:\/\/wp.me\/p8QUWp-1sj","jetpack_likes_enabled":true,"jetpack-related-posts":[{"id":6543,"url":"https:\/\/oldmanaries.it\/index.php\/2017\/07\/11\/a-sorpresa-2\/","url_meta":{"origin":5599,"position":0},"title":"A sorpresa","author":"Aries","date":"11 Luglio 2017","format":false,"excerpt":"Nel 2009 fui contattato da una grossa societ\u00e0 di cui non far\u00f2 nomi (ma che producono penne e stilografica di fascia molto alta, per capirci) per sviluppare un software che avrebbe permesso ai loro agenti di creare ordini mentre erano in giro e inviarli alla sede centrale. Poi, nel 2012,\u2026","rel":"","context":"In &quot;Cosa celebri oggi?&quot;","block_context":{"text":"Cosa celebri oggi?","link":"https:\/\/oldmanaries.it\/index.php\/category\/cosa-celebri-oggi\/"},"img":{"alt_text":"","src":"","width":0,"height":0},"classes":[]},{"id":10644,"url":"https:\/\/oldmanaries.it\/index.php\/2022\/05\/22\/9-del-salone-del-libro\/","url_meta":{"origin":5599,"position":1},"title":"9. Del Salone del Libro","author":"Aries","date":"22 Maggio 2022","format":false,"excerpt":"Il mio rapporto col Salone del Libro di Torino \u00e8 cambiato molto negli anni. Durante le mie prime edizioni arrivavo il sabato, mi perdevo tra gli stand e compravo un sacco di libri che probabilmente avrei potuto pagare meno altrove, solo perch\u00e9 ero l\u00ec e potevo. Ammetto che giravo pi\u00f9\u2026","rel":"","context":"In &quot;Still life&quot;","block_context":{"text":"Still life","link":"https:\/\/oldmanaries.it\/index.php\/category\/still-life\/"},"img":{"alt_text":"","src":"https:\/\/i0.wp.com\/oldmanaries.it\/wp-content\/uploads\/2022\/05\/946AC630-DBC1-4522-B858-0DFA5CB52341-edited.jpeg?resize=350%2C200&ssl=1","width":350,"height":200,"srcset":"https:\/\/i0.wp.com\/oldmanaries.it\/wp-content\/uploads\/2022\/05\/946AC630-DBC1-4522-B858-0DFA5CB52341-edited.jpeg?resize=350%2C200&ssl=1 1x, https:\/\/i0.wp.com\/oldmanaries.it\/wp-content\/uploads\/2022\/05\/946AC630-DBC1-4522-B858-0DFA5CB52341-edited.jpeg?resize=525%2C300&ssl=1 1.5x, https:\/\/i0.wp.com\/oldmanaries.it\/wp-content\/uploads\/2022\/05\/946AC630-DBC1-4522-B858-0DFA5CB52341-edited.jpeg?resize=700%2C400&ssl=1 2x, https:\/\/i0.wp.com\/oldmanaries.it\/wp-content\/uploads\/2022\/05\/946AC630-DBC1-4522-B858-0DFA5CB52341-edited.jpeg?resize=1050%2C600&ssl=1 3x, https:\/\/i0.wp.com\/oldmanaries.it\/wp-content\/uploads\/2022\/05\/946AC630-DBC1-4522-B858-0DFA5CB52341-edited.jpeg?resize=1400%2C800&ssl=1 4x"},"classes":[]},{"id":1417,"url":"https:\/\/oldmanaries.it\/index.php\/2010\/07\/24\/prugne-di-terrannova\/","url_meta":{"origin":5599,"position":2},"title":"Prugne di Terrannova","author":"Aries","date":"24 Luglio 2010","format":false,"excerpt":"Erano l\u00ec, quasi nascoste, in piccoli cestini su un bancone di Eataly a Torino. \"Prugne di Terranova\" diceva il cartello, ma per me erano e rimango le \"prugnette calabresi\" che tanto ho mangiato e divorato negli anni, dall\"albero di mio padre. Erano l\u00ec, quelle prugne che d\"ora in poi potranno\u2026","rel":"","context":"In &quot;Riflessioni&quot;","block_context":{"text":"Riflessioni","link":"https:\/\/oldmanaries.it\/index.php\/category\/riflessioni\/"},"img":{"alt_text":"","src":"","width":0,"height":0},"classes":[]},{"id":11158,"url":"https:\/\/oldmanaries.it\/index.php\/2022\/10\/03\/lunico-modo-che-conosco\/","url_meta":{"origin":5599,"position":3},"title":"L&#8217;unico modo che conosco","author":"Aries","date":"3 Ottobre 2022","format":false,"excerpt":"Lo ricordo bene quel giorno, sai? Ero in gattile perch\u00e9 stare senza Stitch mi stava facendo male. Non eri previsto, non tu. La cosa pi\u00f9 sensata sarebbe stata solo prendere le altre due pesti che erano nella gabbia accanto. Erano piccole, erano sorelline, avevo deciso che volevo due gatti. Era\u2026","rel":"","context":"In &quot;Dolore&quot;","block_context":{"text":"Dolore","link":"https:\/\/oldmanaries.it\/index.php\/category\/dolore\/"},"img":{"alt_text":"","src":"https:\/\/i0.wp.com\/oldmanaries.it\/wp-content\/uploads\/2022\/10\/photo_2022-10-03_13-34-30.jpg?resize=350%2C200&ssl=1","width":350,"height":200,"srcset":"https:\/\/i0.wp.com\/oldmanaries.it\/wp-content\/uploads\/2022\/10\/photo_2022-10-03_13-34-30.jpg?resize=350%2C200&ssl=1 1x, https:\/\/i0.wp.com\/oldmanaries.it\/wp-content\/uploads\/2022\/10\/photo_2022-10-03_13-34-30.jpg?resize=525%2C300&ssl=1 1.5x, https:\/\/i0.wp.com\/oldmanaries.it\/wp-content\/uploads\/2022\/10\/photo_2022-10-03_13-34-30.jpg?resize=700%2C400&ssl=1 2x, https:\/\/i0.wp.com\/oldmanaries.it\/wp-content\/uploads\/2022\/10\/photo_2022-10-03_13-34-30.jpg?resize=1050%2C600&ssl=1 3x"},"classes":[]},{"id":5773,"url":"https:\/\/oldmanaries.it\/index.php\/2016\/09\/17\/preistoria\/","url_meta":{"origin":5599,"position":4},"title":"Preistoria","author":"Aries","date":"17 Settembre 2016","format":false,"excerpt":"Devo ammettere che stasera stavo per mettermi a dormire saltando il post. Non ci sono grosse novit\u00e0 (tranne una fastidiosa di ieri e di cui, al momento, non voglio occuparmi) e sono anche piuttosto stanco. Poi, per\u00f2, mentre mi preparavo per andare a letto, mi \u00e8 caduto l'occhio su un\u2026","rel":"","context":"In &quot;Riflessioni&quot;","block_context":{"text":"Riflessioni","link":"https:\/\/oldmanaries.it\/index.php\/category\/riflessioni\/"},"img":{"alt_text":"","src":"https:\/\/i0.wp.com\/oldmanaries.it\/wp-content\/uploads\/2016\/09\/Cassetta.jpg?resize=350%2C200&ssl=1","width":350,"height":200,"srcset":"https:\/\/i0.wp.com\/oldmanaries.it\/wp-content\/uploads\/2016\/09\/Cassetta.jpg?resize=350%2C200&ssl=1 1x, https:\/\/i0.wp.com\/oldmanaries.it\/wp-content\/uploads\/2016\/09\/Cassetta.jpg?resize=525%2C300&ssl=1 1.5x, https:\/\/i0.wp.com\/oldmanaries.it\/wp-content\/uploads\/2016\/09\/Cassetta.jpg?resize=700%2C400&ssl=1 2x"},"classes":[]},{"id":6423,"url":"https:\/\/oldmanaries.it\/index.php\/2017\/05\/09\/25-anni\/","url_meta":{"origin":5599,"position":5},"title":"25 anni","author":"Aries","date":"9 Maggio 2017","format":false,"excerpt":"Era un sabato, il 9 maggio del 1992. Ricordo alcune cose, non tutte, mai tutte. Ricordo che i miei erano alla casa in campagna dal venerd\u00ec o forse prima, ricordo quindi di avere preso il treno per raggiungerli, ricordo come un flash qualcosa relativo all'arrivo in stazione. E ricordo, ma\u2026","rel":"","context":"In &quot;Riflessioni&quot;","block_context":{"text":"Riflessioni","link":"https:\/\/oldmanaries.it\/index.php\/category\/riflessioni\/"},"img":{"alt_text":"","src":"","width":0,"height":0},"classes":[]}],"_links":{"self":[{"href":"https:\/\/oldmanaries.it\/index.php\/wp-json\/wp\/v2\/posts\/5599","targetHints":{"allow":["GET"]}}],"collection":[{"href":"https:\/\/oldmanaries.it\/index.php\/wp-json\/wp\/v2\/posts"}],"about":[{"href":"https:\/\/oldmanaries.it\/index.php\/wp-json\/wp\/v2\/types\/post"}],"author":[{"embeddable":true,"href":"https:\/\/oldmanaries.it\/index.php\/wp-json\/wp\/v2\/users\/1"}],"replies":[{"embeddable":true,"href":"https:\/\/oldmanaries.it\/index.php\/wp-json\/wp\/v2\/comments?post=5599"}],"version-history":[{"count":0,"href":"https:\/\/oldmanaries.it\/index.php\/wp-json\/wp\/v2\/posts\/5599\/revisions"}],"wp:attachment":[{"href":"https:\/\/oldmanaries.it\/index.php\/wp-json\/wp\/v2\/media?parent=5599"}],"wp:term":[{"taxonomy":"category","embeddable":true,"href":"https:\/\/oldmanaries.it\/index.php\/wp-json\/wp\/v2\/categories?post=5599"},{"taxonomy":"post_tag","embeddable":true,"href":"https:\/\/oldmanaries.it\/index.php\/wp-json\/wp\/v2\/tags?post=5599"}],"curies":[{"name":"wp","href":"https:\/\/api.w.org\/{rel}","templated":true}]}}