{"id":5029,"date":"2016-01-06T19:24:16","date_gmt":"2016-01-06T18:24:16","guid":{"rendered":"http:\/\/www.ariesblog.it\/?p=5029"},"modified":"2016-01-06T20:24:16","modified_gmt":"2016-01-06T19:24:16","slug":"269-la-casa-delle-parole","status":"publish","type":"post","link":"https:\/\/oldmanaries.it\/index.php\/2016\/01\/06\/269-la-casa-delle-parole\/","title":{"rendered":"269. La casa delle parole."},"content":{"rendered":"<p style=\"text-align: justify;\">Un Paese non nominato in preda a disordini sociali, economia allo sfascio, dipendenze.<\/p>\n<p style=\"text-align: justify;\">Poi una ricercatrice fa una scoperta e, come al solito, questa scoperta viene manipolata per ben altri scopi.<\/p>\n<p style=\"text-align: justify;\">Si scopre un modo per mantenere la popolazione sotto controllo rendendola felice di esserlo: i libri.<\/p>\n<p style=\"text-align: justify;\">Ma non quelli pericolosi del passato, non la bannata letteratura che pu\u00f2 scatenare pensiero, no: si parla di libri scritti ad hoc, che vengono categorizzati e venduti in base all&#39;emozione che vogliono e devono scatenare; ci sono &#8220;libri tristezza&#8221;, &#8220;libri risate a crepapelle&#8221;, &#8220;libri brivido&#8221; e cos\u00ec via e tutti, tutti, reagiscono a tali libri come se queste emozioni li travolgessero.<\/p>\n<p style=\"text-align: justify;\">LIbri prodotti in serie, sfornati letteralmente a migliaia da scrivani addestrati allo scopo, prodotti nati apposta per stuzzicare reazioni di base e, in questo modo, controllarne l&#39;esplosione e la diffusione.<\/p>\n<p style=\"text-align: justify;\">Vengono organizzate anche letture pubbliche talmente di richiamo da far s\u00ec che la popolazione cerchi con qualunque stratagemma di partecipare: manifestazioni regolari che generano isteria collettiva, fanno far cassa e mantengono il pubblico sotto controllo.<\/p>\n<p style=\"text-align: justify;\">Tutti sono influenzati da questi libri in serie, tranne gli Agenti, arruolati come elementi di sicurezza e a cui \u00e8 vietato imparare a leggere: l&#39;analfabetismo, in origine loro grande lacuna, diventa cos\u00ec elemento di distinzione per uno status sociale agiato e superiore.<\/p>\n<p style=\"text-align: justify;\">Ma, come in ogni storia, qualcosa va storto.<\/p>\n<p style=\"text-align: justify;\">Un Agente che impara a leggere non era previsto.<\/p>\n<p style=\"text-align: justify;\">Cos\u00ec come non era previsto che capisse che quei libri, quelli che tutti adorano, sono in realt\u00e0 una menzogna ben congegnata.<\/p>\n<p style=\"text-align: justify;\">Ed \u00e8 dall&#39;imprevisto che tutto cambia e forse, forse, qualche speranza pu\u00f2 nascere.<\/p>\n<p style=\"text-align: justify;\">Un libro interessante, una sorta di versione moderna di Farenheit 451 con, ovvviamente, i dovuti ridimensionamenti e con aspirazioni molto minori.<\/p>\n<p style=\"text-align: justify;\">Pi\u00f9 che un romanzo, si tratta di un racconto lungo che, come tale, non pu\u00f2 e non vuole approfondire eccessivamente vicende e personaggi, preferendo tratteggiare idee e situazioni: una scelta che pu\u00f2 piacere o non piacere, ma che va comunque accettata e rispettata.<\/p>\n<p style=\"text-align: justify;\">Quello che pi\u00f9 conta \u00e8 che in una realt\u00e0 come la nostra in cui Fabio Volo \u00e8 in testa alla classifiche di vendita, in cui libri predigeriti la fanno da padrone, una distopia come questa non sembra affatto cos\u00ec lontana.<\/p>\n<p style=\"text-align: justify;\">E questo, volenti o nolenti, genera parecchi brividi.<\/p>\n<p style=\"text-align: justify;\">Un libro veloce che avrebbe potuto essere molto di pi\u00f9 ma che comunque merita una lettura.<\/p>\n<p><a href=\"http:\/\/www.kellereditore.it\/images\/cover-260\/260-cover-parole-coulon.png\" target=\"_blank\" style=\"text-align: center; margin-left: 1em; margin-right: 1em; -webkit-text-size-adjust: auto; background-color: rgba(255, 255, 255, 0);\"><font color=\"#000000\"><\/font><\/a><font color=\"#000000\"><a href=\"http:\/\/www.kellereditore.it\/libri\/romanzi-racconti-e-reportage\/342-casa-delle-parole-cecile-coulon.html\" target=\"_blank\"><img loading=\"lazy\" decoding=\"async\" src=\"http:\/\/www.kellereditore.it\/images\/cover-260\/260-cover-parole-coulon.png\" id=\"blogsy-1452108220704.1\" class=\"aligncenter\" alt=\"\" width=\"260\" height=\"355\"\/><\/a><\/font><\/p>\n<p style=\"text-align: justify;\">\n<p style=\"text-align: justify;\">&nbsp;<\/p>\n<p>&nbsp;<\/p>\n","protected":false},"excerpt":{"rendered":"<p>Un Paese non nominato in preda a disordini sociali, economia allo sfascio, dipendenze. Poi una ricercatrice fa una scoperta e, come al solito, questa scoperta viene manipolata per ben altri&#46;&#46;&#46;<\/p>\n","protected":false},"author":1,"featured_media":0,"comment_status":"open","ping_status":"closed","sticky":false,"template":"","format":"standard","meta":{"_monsterinsights_skip_tracking":false,"_monsterinsights_sitenote_active":false,"_monsterinsights_sitenote_note":"","_monsterinsights_sitenote_category":0,"_s2mail":"","ngg_post_thumbnail":0,"jetpack_post_was_ever_published":false,"_jetpack_newsletter_access":"","_jetpack_dont_email_post_to_subs":false,"_jetpack_newsletter_tier_id":0,"_jetpack_memberships_contains_paywalled_content":false,"_jetpack_memberships_contains_paid_content":false,"footnotes":""},"categories":[189,8,172],"tags":[],"class_list":["post-5029","post","type-post","status-publish","format-standard","hentry","category-cecile-coulon","category-dalla-mia-libreria","category-un-post-al-giorno"],"aioseo_notices":[],"jetpack_featured_media_url":"","jetpack_sharing_enabled":true,"jetpack_shortlink":"https:\/\/wp.me\/p8QUWp-1j7","jetpack_likes_enabled":true,"jetpack-related-posts":[{"id":1218,"url":"https:\/\/oldmanaries.it\/index.php\/2009\/08\/11\/i-grandi-libri\/","url_meta":{"origin":5029,"position":0},"title":"I grandi libri","author":"Aries","date":"11 Agosto 2009","format":false,"excerpt":"Era il 1982. O fore l\"81. Va beh, poco importa, diciamo che avevo tra i 6 e gli 8 anni, cos\u00ec non ci sbagliamo. Mia madre lavorava part time, usciva intorno alle\u00a0 due dal lavoro e veniva a casa, dove mi trovava tornato da scuola: non ricordo chi mi venisse\u2026","rel":"","context":"In &quot;Dalla mia libreria&quot;","block_context":{"text":"Dalla mia libreria","link":"https:\/\/oldmanaries.it\/index.php\/category\/dalla-mia-libreria\/"},"img":{"alt_text":"","src":"","width":0,"height":0},"classes":[]},{"id":1409,"url":"https:\/\/oldmanaries.it\/index.php\/2010\/07\/10\/senza-controllo\/","url_meta":{"origin":5029,"position":1},"title":"Senza controllo","author":"Aries","date":"10 Luglio 2010","format":false,"excerpt":"Stavo scrivendo un posto piuttosto serio (o quanto meno serioso) sulla voglia di scrivere contrapposta al diradarsi di post su questo blog. \"na palla, insomma. E proprio perch\u00e9 era una palla l\"ho cestinato senza piet\u00e0\u00a0 e lo sto scrivendo qui sopra cos\u00ec che qualcuno pi\u00f9 folle degli altri (perch\u00e9 chiunque\u2026","rel":"","context":"In &quot;Riflessioni&quot;","block_context":{"text":"Riflessioni","link":"https:\/\/oldmanaries.it\/index.php\/category\/riflessioni\/"},"img":{"alt_text":"","src":"","width":0,"height":0},"classes":[]},{"id":10934,"url":"https:\/\/oldmanaries.it\/index.php\/2022\/07\/28\/76-coda-di-lettura-scaduta\/","url_meta":{"origin":5029,"position":2},"title":"76. Coda di lettura scaduta","author":"Aries","date":"28 Luglio 2022","format":false,"excerpt":"Siamo tutti familiari con la definizione di coda di lettura, vero? Nel dubbio ribadiamo che la coda di lettura \u00e8 l'insieme dei libri acquistati (o ricevuti in prestito o regalo, ovviamente) e che si ha intenzione di leggere in futuro. Bene. Io non ho una coda di lettura. O meglio,\u2026","rel":"","context":"In &quot;Riflessioni&quot;","block_context":{"text":"Riflessioni","link":"https:\/\/oldmanaries.it\/index.php\/category\/riflessioni\/"},"img":{"alt_text":"","src":"https:\/\/i0.wp.com\/oldmanaries.it\/wp-content\/uploads\/2022\/07\/photo_2022-07-28_17-18-47.jpg?resize=350%2C200&ssl=1","width":350,"height":200,"srcset":"https:\/\/i0.wp.com\/oldmanaries.it\/wp-content\/uploads\/2022\/07\/photo_2022-07-28_17-18-47.jpg?resize=350%2C200&ssl=1 1x, https:\/\/i0.wp.com\/oldmanaries.it\/wp-content\/uploads\/2022\/07\/photo_2022-07-28_17-18-47.jpg?resize=525%2C300&ssl=1 1.5x, https:\/\/i0.wp.com\/oldmanaries.it\/wp-content\/uploads\/2022\/07\/photo_2022-07-28_17-18-47.jpg?resize=700%2C400&ssl=1 2x, https:\/\/i0.wp.com\/oldmanaries.it\/wp-content\/uploads\/2022\/07\/photo_2022-07-28_17-18-47.jpg?resize=1050%2C600&ssl=1 3x"},"classes":[]},{"id":5403,"url":"https:\/\/oldmanaries.it\/index.php\/2016\/05\/12\/tradizioni-librarie\/","url_meta":{"origin":5029,"position":3},"title":"Tradizioni librarie","author":"Aries","date":"12 Maggio 2016","format":false,"excerpt":"Il Salone del Libro \u00e8 uno di quei momenti ormai imprescindibili, punti fermi durante l'anno, assieme a Lucca Comics e poco altro, da brevi nerd\/secchioni quali siamo. A dirla tutta, per un po' aveva rischiato di smettere di esserlo: andandoci di sabato o di domenica, la quantit\u00e0 di gente, la\u2026","rel":"","context":"In &quot;Still life&quot;","block_context":{"text":"Still life","link":"https:\/\/oldmanaries.it\/index.php\/category\/still-life\/"},"img":{"alt_text":"","src":"","width":0,"height":0},"classes":[]},{"id":3659,"url":"https:\/\/oldmanaries.it\/index.php\/2013\/05\/07\/il-caso-jane-eyre\/","url_meta":{"origin":5029,"position":4},"title":"Il caso Jane Eyre","author":"Aries","date":"7 Maggio 2013","format":false,"excerpt":"Io ho una malsana passione per le realt\u00e0 alternative. Avete presente quelle storie che si svolgono in mondi simili al nostro ma, per qualche motivo, diversi? Potrei aprire un capitolo molto lungo al riguardo, a partire dal Multiverso Marvel per arrivare ai romanzi eucronici di Philip K. Dick o Harry\u2026","rel":"","context":"In &quot;Dalla mia libreria&quot;","block_context":{"text":"Dalla mia libreria","link":"https:\/\/oldmanaries.it\/index.php\/category\/dalla-mia-libreria\/"},"img":{"alt_text":"","src":"https:\/\/i0.wp.com\/www.oldmanaries.it\/wp-content\/uploads\/2013\/05\/41-gDZfgmUL.jpg?resize=350%2C200&ssl=1","width":350,"height":200},"classes":[]},{"id":460,"url":"https:\/\/oldmanaries.it\/index.php\/2007\/03\/27\/in-out-ed-incipit\/","url_meta":{"origin":5029,"position":5},"title":"In, Out ed Incipit","author":"Aries","date":"27 Marzo 2007","format":false,"excerpt":"Chiamato in causa da Mony, che ben ha capito quanto mi divertono queste cose, eccomi a rispondere ad una nuova catena \"bibliofila\". Stavolta la cosa \u00e8 semplice: elencare i tre libri IN (che consiglieremmo al volo), i tre libri OUT (da evitare come la peste) ed i tre INCIPIT migliori.\u2026","rel":"","context":"In &quot;Dalla mia libreria&quot;","block_context":{"text":"Dalla mia libreria","link":"https:\/\/oldmanaries.it\/index.php\/category\/dalla-mia-libreria\/"},"img":{"alt_text":"","src":"","width":0,"height":0},"classes":[]}],"_links":{"self":[{"href":"https:\/\/oldmanaries.it\/index.php\/wp-json\/wp\/v2\/posts\/5029","targetHints":{"allow":["GET"]}}],"collection":[{"href":"https:\/\/oldmanaries.it\/index.php\/wp-json\/wp\/v2\/posts"}],"about":[{"href":"https:\/\/oldmanaries.it\/index.php\/wp-json\/wp\/v2\/types\/post"}],"author":[{"embeddable":true,"href":"https:\/\/oldmanaries.it\/index.php\/wp-json\/wp\/v2\/users\/1"}],"replies":[{"embeddable":true,"href":"https:\/\/oldmanaries.it\/index.php\/wp-json\/wp\/v2\/comments?post=5029"}],"version-history":[{"count":0,"href":"https:\/\/oldmanaries.it\/index.php\/wp-json\/wp\/v2\/posts\/5029\/revisions"}],"wp:attachment":[{"href":"https:\/\/oldmanaries.it\/index.php\/wp-json\/wp\/v2\/media?parent=5029"}],"wp:term":[{"taxonomy":"category","embeddable":true,"href":"https:\/\/oldmanaries.it\/index.php\/wp-json\/wp\/v2\/categories?post=5029"},{"taxonomy":"post_tag","embeddable":true,"href":"https:\/\/oldmanaries.it\/index.php\/wp-json\/wp\/v2\/tags?post=5029"}],"curies":[{"name":"wp","href":"https:\/\/api.w.org\/{rel}","templated":true}]}}