{"id":4528,"date":"2015-06-19T01:25:00","date_gmt":"2015-06-18T23:25:00","guid":{"rendered":"http:\/\/www.ariesblog.it\/?p=4528"},"modified":"2015-06-19T01:25:09","modified_gmt":"2015-06-18T23:25:09","slug":"67-selma-cinquantanni-dopo","status":"publish","type":"post","link":"https:\/\/oldmanaries.it\/index.php\/2015\/06\/19\/67-selma-cinquantanni-dopo\/","title":{"rendered":"67. Selma cinquant&#8217;anni dopo"},"content":{"rendered":"<p style=\"text-align: justify;\">Andare a vedere <a href=\"http:\/\/www.mymovies.it\/film\/2014\/selma\/\" target=\"_blank\" title=\"\">Selma<\/a>, in qualche modo, dovrebbe dare speranza.Speranza che lottando per i diritti fondamentali alla fine si riesca a vincere.<\/p>\n<p style=\"text-align: justify;\">Speranza che razzismo, segregazione, disprezzo del diverso possano essere sconfitti.<\/p>\n<p style=\"text-align: justify;\">Speranza che la non violenza, anche se aggressiva (sembrano termini in contraddizione, ma non lo sono affatto) possa raggiungere qualunque cosa.<\/p>\n<p style=\"text-align: justify;\">Dovrebbe.<\/p>\n<p style=\"text-align: justify;\">Poi per\u00f2 lo vai a vedere in un giorno come oggi, dove nove persone sono state uccise per razzismo.<\/p>\n<p style=\"text-align: justify;\">Lo vai a vedere in un periodo come questo, quando il razzismo, l&#8217;intolleranza, l&#8217;assenza di empatia tornano ad alzare la testa nel modo pi\u00f9 subdolo, pericoloso e schifoso possibile.<\/p>\n<p style=\"text-align: justify;\">E ti chiedi se davvero ci sia quella speranza. <\/p>\n<p style=\"text-align: justify;\">Se davvero alla fine sar\u00e0 possibile vincere.<\/p>\n<p style=\"text-align: justify;\">Se l&#8217;essere umano pu\u00f2 davvero diventare qualcosa di pi\u00f9 o se, alla fine, sia solo l&#8217;animale pi\u00f9 crudele e perverso di tutti.<\/p>\n<p style=\"text-align: justify;\">Ma vuoi sperare.<\/p>\n<p style=\"text-align: justify;\">Devi sperare.<\/p>\n<p style=\"text-align: justify;\">Vuoi davvero crederci.<\/p>\n<p style=\"text-align: justify;\">Vuoi, forse, illuderti.<\/p>\n<p style=\"text-align: justify;\">Non puoi permetterti di non farlo, per non perdere la tua umanit\u00e0.<\/p>\n<p style=\"text-align: justify;\">E quindi ben venga Selma.<\/p>\n<p style=\"text-align: justify;\">Ben venga vedere lo schifo che possono fare certi individui, per riconoscerlo prima che ci possa sopraffare.<\/p>\n<p style=\"text-align: justify;\">Ben venga leggere che una donna bianca fu uccisa dal Ku Klux Klan cinque ore dopo la marcia solo perch\u00e9 aveva partecipato a sostegno, per ricordarci che l&#8217;odio \u00e8 cieco e non si sazia mai e se oggi sei al sicuro, domani sarai l&#8217;obiettivo.<\/p>\n<p style=\"text-align: justify;\">Ben venga sentire le parole del Dr. King &#8220;dicono ai poveri bianchi menzogne perch\u00e9 si possano sentire superiori ai neri e stare zitti quando hanno fame&#8221;, come avviene oggi quando si fa credere che le cause di tutti i male siano gli stranieri.<\/p>\n<p style=\"text-align: justify;\">Ben venga un presidente come Lyndon Johnson che, dopo mille paure e tentennamenti, decise di distinguersi da &#8220;gente come voi&#8221; (rivolto al governatore dell&#8217;Alabama) e firmare la legge che diede definitivamente il voto ai neri.<\/p>\n<p style=\"text-align: justify;\">Ben venga pensare che nel 1965 un uomo di pi\u00f9 di ottant&#8217;anni vot\u00f2 per la prima volta nella sua vita e che nel 2015 un nero \u00e8 al suo secondo mandato di presidenza.<\/p>\n<p style=\"text-align: justify;\">Ben venga.<\/p>\n<p style=\"text-align: justify;\">Perch\u00e9 abbiamo bisogno di ricordarci il peggio e il meglio di ci\u00f2 che esiamo.<\/p>\n<p style=\"text-align: justify;\">Perch\u00e9 la paura e l&#8217;odio si possono sconfiggere solo con la speranza.<\/p>\n<p style=\"text-align: justify;\">La speranza di poter essere migliori: non (solo) come individui.<\/p>\n<p style=\"text-align: justify;\">Come specie.<\/p>\n<p style=\"text-align: justify;\"><\/p>\n<p>\u00a0<\/p>\n<p>\u00a0<\/p>\n","protected":false},"excerpt":{"rendered":"<p>Andare a vedere Selma, in qualche modo, dovrebbe dare speranza.Speranza che lottando per i diritti fondamentali alla fine si riesca a vincere. Speranza che razzismo, segregazione, disprezzo del diverso possano&#46;&#46;&#46;<\/p>\n","protected":false},"author":1,"featured_media":0,"comment_status":"open","ping_status":"closed","sticky":false,"template":"","format":"standard","meta":{"_monsterinsights_skip_tracking":false,"_monsterinsights_sitenote_active":false,"_monsterinsights_sitenote_note":"","_monsterinsights_sitenote_category":0,"_s2mail":"","ngg_post_thumbnail":0,"jetpack_post_was_ever_published":false,"_jetpack_newsletter_access":"","_jetpack_dont_email_post_to_subs":false,"_jetpack_newsletter_tier_id":0,"_jetpack_memberships_contains_paywalled_content":false,"_jetpack_memberships_contains_paid_content":false,"footnotes":""},"categories":[9,6,172],"tags":[],"class_list":["post-4528","post","type-post","status-publish","format-standard","hentry","category-film-e-telefilm","category-riflessioni","category-un-post-al-giorno"],"aioseo_notices":[],"jetpack_featured_media_url":"","jetpack_sharing_enabled":true,"jetpack_shortlink":"https:\/\/wp.me\/p8QUWp-1b2","jetpack_likes_enabled":true,"jetpack-related-posts":[{"id":673,"url":"https:\/\/oldmanaries.it\/index.php\/2007\/10\/28\/la-tela-del-ragno\/","url_meta":{"origin":4528,"position":0},"title":"La tela del ragno","author":"Aries","date":"28 Ottobre 2007","format":false,"excerpt":"Visto che\u00a0sono quasi tre settimane che non propongo una canzone stasera voglio rimediare con quella che ritengo una chicca, anche se penso non conosciutissima. Un paio d'anni fa si sent\u00ec parecchio in radio un pezzo, \"Nine Million Bicycles\", di una giovane cantante inglese di origini Georgiane di nome Katie Melua;\u2026","rel":"","context":"In &quot;Musica&quot;","block_context":{"text":"Musica","link":"https:\/\/oldmanaries.it\/index.php\/category\/musica\/"},"img":{"alt_text":"","src":"","width":0,"height":0},"classes":[]},{"id":3477,"url":"https:\/\/oldmanaries.it\/index.php\/2012\/12\/24\/vigilia-2\/","url_meta":{"origin":4528,"position":1},"title":"Vigilia","author":"Aries","date":"24 Dicembre 2012","format":false,"excerpt":"Lo so, lo so, sono stato piuttosto assente in questi giorni, ma il lavoro ha assorbito fin troppe energie e il tempo \u00e8 passato senza che me ne accorgessi. Cos\u00ec \u00e8 passato anche il giorno del quarto anniversario dalla morte di mio padre e sono potuto andare a trovarlo solo\u2026","rel":"","context":"In &quot;Riflessioni&quot;","block_context":{"text":"Riflessioni","link":"https:\/\/oldmanaries.it\/index.php\/category\/riflessioni\/"},"img":{"alt_text":"","src":"","width":0,"height":0},"classes":[]},{"id":4540,"url":"https:\/\/oldmanaries.it\/index.php\/2015\/06\/24\/73-il-sale-della-terra\/","url_meta":{"origin":4528,"position":2},"title":"73. Il sale della terra","author":"Aries","date":"24 Giugno 2015","format":false,"excerpt":"Non conoscevo\u00a0Sebasti\u00e3o Salgado. Non conoscevo le sue opere, la sua storia, ci\u00f2 che ha fatto. Per questo motivo, inizialmente, quando avevo sentito parlare di \"Il sale della terra\", documentario di Wim Wenders sulla sua vita, non mi ero particolarmente scomposto e l'avevo lasciato passare al cinema senza preoccuparmi di andare\u2026","rel":"","context":"In &quot;Film e telefilm&quot;","block_context":{"text":"Film e telefilm","link":"https:\/\/oldmanaries.it\/index.php\/category\/film-e-telefilm\/"},"img":{"alt_text":"","src":"https:\/\/i0.wp.com\/www.oldmanaries.it\/wp-content\/uploads\/2015\/06\/192297-thumb-full-salgado.jpg?resize=350%2C200&ssl=1","width":350,"height":200,"srcset":"https:\/\/i0.wp.com\/www.oldmanaries.it\/wp-content\/uploads\/2015\/06\/192297-thumb-full-salgado.jpg?resize=350%2C200&ssl=1 1x, https:\/\/i0.wp.com\/www.oldmanaries.it\/wp-content\/uploads\/2015\/06\/192297-thumb-full-salgado.jpg?resize=525%2C300&ssl=1 1.5x"},"classes":[]},{"id":5467,"url":"https:\/\/oldmanaries.it\/index.php\/2016\/06\/10\/ramanujan\/","url_meta":{"origin":4528,"position":3},"title":"Ramanujan","author":"Aries","date":"10 Giugno 2016","format":false,"excerpt":"Sono reduce dalla visione di \"L'uomo che vide l'infinito\", dedicato alla storia del matematico indiano Ramanujan, all'inizio del secolo scorso.Verrebbe da pensare che, dopo la Teoria del tutto e The imitation game, le biografie o comunque le storie su matematici e scienziati stiano diventando di moda: ben venga, dico io,\u2026","rel":"","context":"In &quot;Film e telefilm&quot;","block_context":{"text":"Film e telefilm","link":"https:\/\/oldmanaries.it\/index.php\/category\/film-e-telefilm\/"},"img":{"alt_text":"","src":"","width":0,"height":0},"classes":[]},{"id":10952,"url":"https:\/\/oldmanaries.it\/index.php\/2022\/08\/01\/80-cosa-farei\/","url_meta":{"origin":4528,"position":4},"title":"80. Cosa farei?","author":"Aries","date":"1 Agosto 2022","format":false,"excerpt":"Photo by Life Matters on Pexels.com Io che farei? Me lo sono chiesto pi\u00f9 volte non solo in questi giorni, ma anche in situazioni passate. Cosa farei? Cosa farei se mi trovassi davanti a una situazione come quella di Civitanova, se vedessi qualcuno picchiare e uccidere qualcun altro, cosa farei?\u2026","rel":"","context":"In &quot;Riflessioni&quot;","block_context":{"text":"Riflessioni","link":"https:\/\/oldmanaries.it\/index.php\/category\/riflessioni\/"},"img":{"alt_text":"photo of woman carrying a cardboard","src":"https:\/\/i0.wp.com\/oldmanaries.it\/wp-content\/uploads\/2022\/08\/pexels-photo-4613880.jpeg?resize=350%2C200&ssl=1","width":350,"height":200,"srcset":"https:\/\/i0.wp.com\/oldmanaries.it\/wp-content\/uploads\/2022\/08\/pexels-photo-4613880.jpeg?resize=350%2C200&ssl=1 1x, https:\/\/i0.wp.com\/oldmanaries.it\/wp-content\/uploads\/2022\/08\/pexels-photo-4613880.jpeg?resize=525%2C300&ssl=1 1.5x, https:\/\/i0.wp.com\/oldmanaries.it\/wp-content\/uploads\/2022\/08\/pexels-photo-4613880.jpeg?resize=700%2C400&ssl=1 2x, https:\/\/i0.wp.com\/oldmanaries.it\/wp-content\/uploads\/2022\/08\/pexels-photo-4613880.jpeg?resize=1050%2C600&ssl=1 3x, https:\/\/i0.wp.com\/oldmanaries.it\/wp-content\/uploads\/2022\/08\/pexels-photo-4613880.jpeg?resize=1400%2C800&ssl=1 4x"},"classes":[]},{"id":6181,"url":"https:\/\/oldmanaries.it\/index.php\/2017\/02\/04\/one-moment-in-time\/","url_meta":{"origin":4528,"position":5},"title":"One moment in time","author":"Aries","date":"4 Febbraio 2017","format":false,"excerpt":"Vi capita mai di chiedervi quando, di preciso abbiate vissuto dei momenti fondamentali nella vostra vita? Non in modo generico, ma la data precisa o quasi? A me capita e spesso riesco a identificare quanto meno il periodo, se non le date esatte. Ecco, stasera potr\u00f2 dire di averne segnato\u2026","rel":"","context":"In &quot;Still life&quot;","block_context":{"text":"Still life","link":"https:\/\/oldmanaries.it\/index.php\/category\/still-life\/"},"img":{"alt_text":"","src":"","width":0,"height":0},"classes":[]}],"_links":{"self":[{"href":"https:\/\/oldmanaries.it\/index.php\/wp-json\/wp\/v2\/posts\/4528","targetHints":{"allow":["GET"]}}],"collection":[{"href":"https:\/\/oldmanaries.it\/index.php\/wp-json\/wp\/v2\/posts"}],"about":[{"href":"https:\/\/oldmanaries.it\/index.php\/wp-json\/wp\/v2\/types\/post"}],"author":[{"embeddable":true,"href":"https:\/\/oldmanaries.it\/index.php\/wp-json\/wp\/v2\/users\/1"}],"replies":[{"embeddable":true,"href":"https:\/\/oldmanaries.it\/index.php\/wp-json\/wp\/v2\/comments?post=4528"}],"version-history":[{"count":0,"href":"https:\/\/oldmanaries.it\/index.php\/wp-json\/wp\/v2\/posts\/4528\/revisions"}],"wp:attachment":[{"href":"https:\/\/oldmanaries.it\/index.php\/wp-json\/wp\/v2\/media?parent=4528"}],"wp:term":[{"taxonomy":"category","embeddable":true,"href":"https:\/\/oldmanaries.it\/index.php\/wp-json\/wp\/v2\/categories?post=4528"},{"taxonomy":"post_tag","embeddable":true,"href":"https:\/\/oldmanaries.it\/index.php\/wp-json\/wp\/v2\/tags?post=4528"}],"curies":[{"name":"wp","href":"https:\/\/api.w.org\/{rel}","templated":true}]}}