{"id":440,"date":"2007-03-07T23:50:00","date_gmt":"2007-03-07T23:50:00","guid":{"rendered":"http:\/\/server:81\/wordpress\/?p=440"},"modified":"2022-06-22T12:29:50","modified_gmt":"2022-06-22T10:29:50","slug":"festa-della-donna","status":"publish","type":"post","link":"https:\/\/oldmanaries.it\/index.php\/2007\/03\/07\/festa-della-donna\/","title":{"rendered":"Festa della donna"},"content":{"rendered":"<p align=\"justify\"><span style=\"font-family: Tahoma; font-size: small;\">Tra pochi minuti sar\u00e0 la festa della donna.<\/span><\/p>\n<p align=\"justify\"><span style=\"font-family: Tahoma; font-size: small;\">Devo ammettere di avere sentimenti contrastanti nei confronti di tale ricorrenza: da una parte mi fa indubbiamente piacere fare gli auguri ad ogni donna che ci tiene a viverla, dall&#8217;altra per\u00f2 ritengo che il vero significato di questa data si sia ormai perso da tempo.<\/span><\/p>\n<p align=\"justify\"><span style=\"font-family: Tahoma; font-size: small;\">Per quanto mi riguarda, se vogliamo usare l&#8217;8 marzo come giorno per ricordare tutte le donne che soffrono nel mondo per discriminazioni e soprusi, allora ben venga, anche se trovo veramente deprimente che sia necessaria una data apposta per ricordarsene: gli altri 364 giorni dell&#8217;anno quelle donne subiscono esattamente le stesse angherie ed il fatto che molti se ne lavino la coscienza per un giorno \u00e8 la vera tragedia.<\/span><\/p>\n<p align=\"justify\"><span style=\"font-family: Tahoma; font-size: small;\">Se invece l&#8217;8 marzo deve diventare la scusa per sfogare i peggiori istinti (assolutamente indistinguibili da quelli di tanti maschi della categoria peggiore), beh, allora scusate ma proprio non &#8220;approvo&#8221;, per quanto io possa aver diritto di approvare o meno: vedere tante (troppe) ragazze che usano questa data come scusa per strip ed idiozie varie mi mette solo tanta tristezza.<\/span><\/p>\n<p align=\"justify\"><span style=\"font-family: Tahoma; font-size: small;\">Ecco, io sicuramente domani far\u00f2 il mio giro di auguri alle componenti del sesso femminile che incontrer\u00f2, ma sia ben chiaro: per quanto mi riguarda non c&#8217;\u00e8 bisogno di una data unica per celebrare il sesso femminile, sar\u00e0 semplicemente un&#8217;occasione in pi\u00f9 per donare e ricevere un sorriso.<\/span><\/p>\n<p align=\"justify\"><span style=\"font-family: Tahoma; font-size: small;\">PS: mimose? Se posso, evito&#8230; porca zozza quanto puzzano!<\/span><\/p>\n","protected":false},"excerpt":{"rendered":"<p>Tra pochi minuti sar\u00e0 la festa della donna. Devo ammettere di avere sentimenti contrastanti nei confronti di tale ricorrenza: da una parte mi fa indubbiamente piacere fare gli auguri ad&#46;&#46;&#46;<\/p>\n","protected":false},"author":1,"featured_media":0,"comment_status":"open","ping_status":"open","sticky":false,"template":"","format":"standard","meta":{"_monsterinsights_skip_tracking":false,"_monsterinsights_sitenote_active":false,"_monsterinsights_sitenote_note":"","_monsterinsights_sitenote_category":0,"_s2mail":"","ngg_post_thumbnail":0,"jetpack_post_was_ever_published":false,"_jetpack_newsletter_access":"","_jetpack_dont_email_post_to_subs":false,"_jetpack_newsletter_tier_id":0,"_jetpack_memberships_contains_paywalled_content":false,"_jetpack_memberships_contains_paid_content":false,"footnotes":""},"categories":[6],"tags":[],"class_list":["post-440","post","type-post","status-publish","format-standard","hentry","category-riflessioni"],"aioseo_notices":[],"jetpack_featured_media_url":"","jetpack_sharing_enabled":true,"jetpack_shortlink":"https:\/\/wp.me\/p8QUWp-76","jetpack_likes_enabled":true,"jetpack-related-posts":[{"id":6279,"url":"https:\/\/oldmanaries.it\/index.php\/2017\/03\/08\/perche-serve-ancora-secondo-me\/","url_meta":{"origin":440,"position":0},"title":"Perch\u00e9 serve ancora, secondo me.","author":"Aries","date":"8 Marzo 2017","format":false,"excerpt":"Non pensavo di scrivere questo post, oggi, ma vorr\u00e0 dire che ne scriver\u00f2 due. Per come la vedo io, ci sono due tipi di feste: la prima, la pi\u00f9 comune, \u00e8 la festa di celebrazione, dove si celebra, appunto, un anniversario, una ricorrenza, qualcosa di esistente, fosse anche solo una\u2026","rel":"","context":"In &quot;Riflessioni&quot;","block_context":{"text":"Riflessioni","link":"https:\/\/oldmanaries.it\/index.php\/category\/riflessioni\/"},"img":{"alt_text":"","src":"","width":0,"height":0},"classes":[]},{"id":6897,"url":"https:\/\/oldmanaries.it\/index.php\/2018\/03\/19\/riparliamone-purtroppo\/","url_meta":{"origin":440,"position":1},"title":"Riparliamone. Purtroppo.","author":"Aries","date":"19 Marzo 2018","format":false,"excerpt":"19 marzo. Mi sveglio e, come al solito, cerco di prendere coscienza di questo mondo cazzeggiando con le storie di Instagram. A un certo punto me ne capita una di una donna che seguo: non la conosco personalmente, mai scambiato messaggi, ma \u00e8 comunque un account che seguo da qualche\u2026","rel":"","context":"In &quot;Riflessioni&quot;","block_context":{"text":"Riflessioni","link":"https:\/\/oldmanaries.it\/index.php\/category\/riflessioni\/"},"img":{"alt_text":"","src":"","width":0,"height":0},"classes":[]},{"id":3168,"url":"https:\/\/oldmanaries.it\/index.php\/2012\/06\/11\/sogno\/","url_meta":{"origin":440,"position":2},"title":"Sogno","author":"Aries","date":"11 Giugno 2012","format":false,"excerpt":"Sogno un paese in cui un capo religioso che predica amore, povert\u00e0 e carit\u00e0 sia il primo a manifestarli. Sogno un paese in cui i precetti di tale capo religioso non possano influenzare la libert\u00e0 di chi a quella religione non vuole appartenere, in uno stato che - lo ricordo\u2026","rel":"","context":"In &quot;Riflessioni&quot;","block_context":{"text":"Riflessioni","link":"https:\/\/oldmanaries.it\/index.php\/category\/riflessioni\/"},"img":{"alt_text":"","src":"","width":0,"height":0},"classes":[]},{"id":503,"url":"https:\/\/oldmanaries.it\/index.php\/2007\/05\/08\/si-incatenami-tutto\/","url_meta":{"origin":440,"position":3},"title":"S\u00ec, incatenami tutto&#8230;","author":"Aries","date":"8 Maggio 2007","format":false,"excerpt":"Non sto sbroccando, \u00e8 solo che mi sembrava il titolo adatto per la catena in cui mi ha chiamato in causa Mony , d'altronde l'argomento \u00e8 un filo pi\u00f9 scottante del solito . Pronti? Si parte... 1- Se foste un vizio, quale sareste? Lussuria e gola a pari merito 2-\u2026","rel":"","context":"In &quot;Varie ed eventuali&quot;","block_context":{"text":"Varie ed eventuali","link":"https:\/\/oldmanaries.it\/index.php\/category\/varie-ed-eventuali\/"},"img":{"alt_text":"","src":"","width":0,"height":0},"classes":[]},{"id":7237,"url":"https:\/\/oldmanaries.it\/index.php\/2019\/03\/08\/serve\/","url_meta":{"origin":440,"position":4},"title":"Serve","author":"Aries","date":"8 Marzo 2019","format":false,"excerpt":"Finch\u00e9 ci sar\u00e0 disparit\u00e0 di trattamento sociale ed economico. Finch\u00e9 ci sar\u00e0 chi afferma che il ruolo naturale \u00e8 in casa. Finch\u00e9 se non si riproduce \u00e8 sbagliata. Finch\u00e9 ci saranno stupri di serie a e di serie b. Finch\u00e9 il femminicidio sar\u00e0 \"una scusa\". Finch\u00e9 ci sar\u00e0 chi user\u00e0\u2026","rel":"","context":"In &quot;Riflessioni&quot;","block_context":{"text":"Riflessioni","link":"https:\/\/oldmanaries.it\/index.php\/category\/riflessioni\/"},"img":{"alt_text":"","src":"https:\/\/i0.wp.com\/oldmanaries.it\/wp-content\/uploads\/2019\/03\/wd.jpg?resize=350%2C200&ssl=1","width":350,"height":200,"srcset":"https:\/\/i0.wp.com\/oldmanaries.it\/wp-content\/uploads\/2019\/03\/wd.jpg?resize=350%2C200&ssl=1 1x, https:\/\/i0.wp.com\/oldmanaries.it\/wp-content\/uploads\/2019\/03\/wd.jpg?resize=525%2C300&ssl=1 1.5x, https:\/\/i0.wp.com\/oldmanaries.it\/wp-content\/uploads\/2019\/03\/wd.jpg?resize=700%2C400&ssl=1 2x"},"classes":[]},{"id":4095,"url":"https:\/\/oldmanaries.it\/index.php\/2014\/10\/23\/bossypants\/","url_meta":{"origin":440,"position":5},"title":"Bossypants","author":"Aries","date":"23 Ottobre 2014","format":false,"excerpt":"Ero al JFK in attesa di ripartire per l'Italia, quando girovagando in uno degli store vedo Tina Fey sulla copertina di un libro. Non so quanti la conoscano in Italia, ma Tina Fey \u00e8 un'autrice e attrice comica piuttosto famosa negli States, sia per aver partecipato (in entrambi i ruoli)\u2026","rel":"","context":"In &quot;Dalla mia libreria&quot;","block_context":{"text":"Dalla mia libreria","link":"https:\/\/oldmanaries.it\/index.php\/category\/dalla-mia-libreria\/"},"img":{"alt_text":"","src":"https:\/\/i0.wp.com\/www.oldmanaries.it\/wp-content\/uploads\/2014\/10\/41zAv4Ncy0L._SY344_BO1204203200_.jpg?resize=350%2C200&ssl=1","width":350,"height":200},"classes":[]}],"_links":{"self":[{"href":"https:\/\/oldmanaries.it\/index.php\/wp-json\/wp\/v2\/posts\/440","targetHints":{"allow":["GET"]}}],"collection":[{"href":"https:\/\/oldmanaries.it\/index.php\/wp-json\/wp\/v2\/posts"}],"about":[{"href":"https:\/\/oldmanaries.it\/index.php\/wp-json\/wp\/v2\/types\/post"}],"author":[{"embeddable":true,"href":"https:\/\/oldmanaries.it\/index.php\/wp-json\/wp\/v2\/users\/1"}],"replies":[{"embeddable":true,"href":"https:\/\/oldmanaries.it\/index.php\/wp-json\/wp\/v2\/comments?post=440"}],"version-history":[{"count":2,"href":"https:\/\/oldmanaries.it\/index.php\/wp-json\/wp\/v2\/posts\/440\/revisions"}],"predecessor-version":[{"id":10788,"href":"https:\/\/oldmanaries.it\/index.php\/wp-json\/wp\/v2\/posts\/440\/revisions\/10788"}],"wp:attachment":[{"href":"https:\/\/oldmanaries.it\/index.php\/wp-json\/wp\/v2\/media?parent=440"}],"wp:term":[{"taxonomy":"category","embeddable":true,"href":"https:\/\/oldmanaries.it\/index.php\/wp-json\/wp\/v2\/categories?post=440"},{"taxonomy":"post_tag","embeddable":true,"href":"https:\/\/oldmanaries.it\/index.php\/wp-json\/wp\/v2\/tags?post=440"}],"curies":[{"name":"wp","href":"https:\/\/api.w.org\/{rel}","templated":true}]}}