{"id":4293,"date":"2015-03-06T20:52:15","date_gmt":"2015-03-06T19:52:15","guid":{"rendered":"http:\/\/www.ariesblog.it\/?p=4293"},"modified":"2021-04-23T10:08:46","modified_gmt":"2021-04-23T08:08:46","slug":"storia-naturale-del-nerd","status":"publish","type":"post","link":"https:\/\/oldmanaries.it\/index.php\/2015\/03\/06\/storia-naturale-del-nerd\/","title":{"rendered":"Storia naturale del nerd"},"content":{"rendered":"<p>Ecco un libro che avrebbe potuto essere ben diverso (e meglio) da quel che poi si \u00e8 dimostrato.<br \/>\nL&#8217;idea di un saggio sulla categoria dei nerd mi piaceva parecchio e speravo, onestamente, di accostarmi a un libro sicuramente informato ma anche leggero e ironico, con uno sguardo di benevolenza e divertimento verso la categoria.<\/p>\n<p>Purtroppo, si sar\u00e0 capito, non \u00e8 cos\u00ec.<br \/>\nQuesto non \u00e8 un libro sui nerd, sulla loro evoluzione, sul loro ruolo.<br \/>\nQuesto \u00e8 un libro che l&#8217;autore ha scritto per esorcizzare il suo passato e il suo presente, cercando di razionalizzarlo, di spiegarselo e di, in qualche modo, fare una sorta di autoterapia.<\/p>\n<p>Scopi legittimi, certo, basta che non mi si spacci il libro per quello che non \u00e8.<br \/>\nCi sono spunti molto interessanti, questo \u00e8 innegabile, ma spesso l&#8217;autore parte per una tangente che non \u00e8 ben chiaro dove vada a parare.<br \/>\nDa paragoni tra i nerd e le macchine, tra il &#8220;razzismo&#8221; verso i nerd e quello verso le razze orientali per arrivare a &#8220;dimostrazioni&#8221; che di scientifico non hanno niente se non la volont\u00e0 dell&#8217;autore di trarre deduzioni a lui comode.<\/p>\n<p>Per capirci: l&#8217;autore ha avuto seri problemi nel suo relazionarsi con la sua parte (pi\u00f9 o meno preponderante) nerd, ma questo non significa che tutti i nerd siano al limite dell&#8217;autismo o peggio.<br \/>\nQuel che viene spacciata per un&#8217;evoluzione naturale di certe situazioni psicologiche, in realt\u00e0 non \u00e8 altro che una somma di coincidenze e di semi che, uniti, portano a un certo tipo di soggetto.<\/p>\n<p>Molti nerd sono asociali e hanno problemi di relazione? Assolutamente s\u00ec. Il fatto \u00e8 che \u00e8 pericoloso scambiare causa ed effetto solo per autoanalizzarsi.<br \/>\nCi sono persone che hanno passioni che li distinguono dalla massa. Il fatto che queste passioni non permetta loro di amalgamarsi pu\u00f2 generare grossi problemi interrelazionali.<br \/>\nL&#8217;autore, invece, si \u00e8 convinto del contrario: che siano i problemi di queste persone nel relazionarsi a scatenare un certo tipo di passioni, scordandosi quanto siano varie le forme di nerdismo esistenti.<\/p>\n<p>Il fatto che il libro sia una vera e propria forma di mea culpa \u00e8 dimostrato dall&#8217;ultima parte, in cui Nugent racconta della propria infanzia e adolescenza (e, mi scuserete, ma onestamente non potrebbe fregarmene di meno) per terminare con un racconto (letteralmente, un racconto inteso come storia breve di narrativa) che non \u00e8 ben chiaro a cosa serva nell&#8217;ambito del libro.<\/p>\n<p>Un peccato, perch\u00e9 Nugent scrive bene, ha fonti interessanti, \u00e8 in gamba e avrebbe potuto deliziare ben diversamente.<\/p>\n<p>Si legge bene, scorre veloce, ma non aspettatevi ci\u00f2 che il titolo promette.<\/p>\n<p><a href=\"http:\/\/www.amazon.it\/Storia-naturale-ragazzi-occhiali-cambiato\/dp\/8876382070\/ref=tmm_pap_title_0?ie=UTF8&amp;qid=1425671393&amp;sr=8-1\" target=\"_blank\" rel=\"noopener\"><img loading=\"lazy\" decoding=\"async\" class=\"aligncenter\" src=\"https:\/\/www.oldmanaries.it\/wp-content\/uploads\/2015\/03\/311lEBYWB3L.jpg\" alt=\"\" width=\"200\" height=\"298\" \/><\/a><\/p>\n","protected":false},"excerpt":{"rendered":"<p>Ecco un libro che avrebbe potuto essere ben diverso (e meglio) da quel che poi si \u00e8 dimostrato. L&#8217;idea di un saggio sulla categoria dei nerd mi piaceva parecchio e&#46;&#46;&#46;<\/p>\n","protected":false},"author":1,"featured_media":0,"comment_status":"open","ping_status":"closed","sticky":false,"template":"","format":"standard","meta":{"_monsterinsights_skip_tracking":false,"_monsterinsights_sitenote_active":false,"_monsterinsights_sitenote_note":"","_monsterinsights_sitenote_category":0,"_s2mail":"yes","ngg_post_thumbnail":0,"jetpack_post_was_ever_published":false,"_jetpack_newsletter_access":"","_jetpack_dont_email_post_to_subs":false,"_jetpack_newsletter_tier_id":0,"_jetpack_memberships_contains_paywalled_content":false,"_jetpack_memberships_contains_paid_content":false,"footnotes":""},"categories":[171,8],"tags":[],"class_list":["post-4293","post","type-post","status-publish","format-standard","hentry","category-benjamin-nugent","category-dalla-mia-libreria"],"aioseo_notices":[],"jetpack_featured_media_url":"","jetpack_sharing_enabled":true,"jetpack_shortlink":"https:\/\/wp.me\/p8QUWp-17f","jetpack_likes_enabled":true,"jetpack-related-posts":[{"id":6389,"url":"https:\/\/oldmanaries.it\/index.php\/2017\/04\/25\/zdenek\/","url_meta":{"origin":4293,"position":0},"title":"Zden\u00eak","author":"Aries","date":"25 Aprile 2017","format":false,"excerpt":"Penso fosse l'81 o l'82 e ricordo bene che un mio compagno di classe, eravamo alle elementari, port\u00f2 a scuola questo libro alto, con la copertina rossa e un titolo che ne occupava un terzo: \"Quando l'uomo non c'era\". In mezzo campeggiava un'immagine che sembrava una foto, per quanto era\u2026","rel":"","context":"In &quot;Riflessioni&quot;","block_context":{"text":"Riflessioni","link":"https:\/\/oldmanaries.it\/index.php\/category\/riflessioni\/"},"img":{"alt_text":"","src":"https:\/\/i0.wp.com\/www.oldmanaries.it\/wp-content\/uploads\/2017\/04\/quando-781x1024-1.jpg?resize=350%2C200&ssl=1","width":350,"height":200},"classes":[]},{"id":5045,"url":"https:\/\/oldmanaries.it\/index.php\/2016\/01\/12\/275-di-titoli-meritati-o-meno\/","url_meta":{"origin":4293,"position":1},"title":"275. Di titoli meritati o meno","author":"Aries","date":"12 Gennaio 2016","format":false,"excerpt":"Un famoso (almeno nel settore, diciamo) autore di fumetti italiano, in questi giorni, ha deciso di dover dire la sua su ci\u00f2 che \u00e8 e non \u00e8 nerd e su chi possa definirsi tale.Secondo l'autore in questione molti che si definiscono nerd, adesso, non hanno il diritto di farlo, soprattutto\u2026","rel":"","context":"In &quot;Riflessioni&quot;","block_context":{"text":"Riflessioni","link":"https:\/\/oldmanaries.it\/index.php\/category\/riflessioni\/"},"img":{"alt_text":"","src":"","width":0,"height":0},"classes":[]},{"id":2281,"url":"https:\/\/oldmanaries.it\/index.php\/2011\/03\/14\/delusione-numerica\/","url_meta":{"origin":4293,"position":2},"title":"Delusione Numerica","author":"Aries","date":"14 Marzo 2011","format":false,"excerpt":"Nella mia carriera di lettore c'\u00e8 sempre stato un punto quasi totalmente fermo. Per quanto potessi non gradire un libro, per quanto potesse stufarmi, non sono mai arrivato al punto di abbandonarlo, salvo forse una volta: \u00e8 sempre stata una questione di principio, unita al desiderio di farmi l'idea completa\u2026","rel":"","context":"In &quot;Andrew Hodges&quot;","block_context":{"text":"Andrew Hodges","link":"https:\/\/oldmanaries.it\/index.php\/category\/dalla-mia-libreria\/andrew-hodges\/"},"img":{"alt_text":"","src":"","width":0,"height":0},"classes":[]},{"id":7448,"url":"https:\/\/oldmanaries.it\/index.php\/2019\/11\/15\/possiamo-salvare-il-mondo-prima-di-cena-ma-non-grazie-a-safran-foer\/","url_meta":{"origin":4293,"position":3},"title":"Possiamo salvare il mondo prima di cena (ma non grazie a Safran Foer)","author":"Aries","date":"15 Novembre 2019","format":false,"excerpt":"Sono vegetariano da pi\u00f9 di sei anni e sicuramente un ulteriore supporto alla mia scelta fu dato dalla lettura di Se niente importa, il libro di Johnathan Safran Foer dedicato al suo percorso verso un'alimentazione pi\u00f9 consapevole. Inoltre, Safran Foer \u00e8 sicuramente un autore che ho amato molto quanto meno\u2026","rel":"","context":"In &quot;Dalla mia libreria&quot;","block_context":{"text":"Dalla mia libreria","link":"https:\/\/oldmanaries.it\/index.php\/category\/dalla-mia-libreria\/"},"img":{"alt_text":"","src":"https:\/\/i0.wp.com\/www.oldmanaries.it\/wp-content\/uploads\/2019\/11\/41cszrhEEPL._SX331_BO1204203200_.jpg?resize=350%2C200&ssl=1","width":350,"height":200},"classes":[]},{"id":7326,"url":"https:\/\/oldmanaries.it\/index.php\/2019\/07\/01\/storie-di-un-podcast-ep-6\/","url_meta":{"origin":4293,"position":4},"title":"Storie Di Un Podcast &#8211; Ep. 6","author":"Aries","date":"1 Luglio 2019","format":false,"excerpt":"Se c'\u00e8 una cosa che non si pu\u00f2 dire \u00e8 che manchino le idee per episodi di Polo Nerd. Giusto oggi con Giuseppe stavamo gi\u00e0 sfiorando il mese di novembre, a furia di mettere carne al fuoco, il che \u00e8 splendido ma anche parecchio impegnativo. Una delle cose di cui\u2026","rel":"","context":"In &quot;Podcast&quot;","block_context":{"text":"Podcast","link":"https:\/\/oldmanaries.it\/index.php\/category\/podcast\/"},"img":{"alt_text":"","src":"https:\/\/i0.wp.com\/oldmanaries.it\/wp-content\/uploads\/2019\/07\/i-kill-giants-titan-edition-0-670x1006.jpg?resize=350%2C200&ssl=1","width":350,"height":200,"srcset":"https:\/\/i0.wp.com\/oldmanaries.it\/wp-content\/uploads\/2019\/07\/i-kill-giants-titan-edition-0-670x1006.jpg?resize=350%2C200&ssl=1 1x, https:\/\/i0.wp.com\/oldmanaries.it\/wp-content\/uploads\/2019\/07\/i-kill-giants-titan-edition-0-670x1006.jpg?resize=525%2C300&ssl=1 1.5x"},"classes":[]},{"id":513,"url":"https:\/\/oldmanaries.it\/index.php\/2007\/05\/18\/collezionista-di-morte\/","url_meta":{"origin":4293,"position":5},"title":"Collezionista di morte","author":"Aries","date":"18 Maggio 2007","format":false,"excerpt":"A volte un libro che capita quasi per caso sotto mano pu\u00f2 riservare delle sorprese per lo meno gradevoli: \u00e8 questo il caso di \"Collezionista di morte\", di Mark Billingham. Si tratta di un'opera prima, un thriller piuttosto classico, pur avendo diversi aspetti originali nella propria trama. Anzitutto lo scopo\u2026","rel":"","context":"In &quot;Dalla mia libreria&quot;","block_context":{"text":"Dalla mia libreria","link":"https:\/\/oldmanaries.it\/index.php\/category\/dalla-mia-libreria\/"},"img":{"alt_text":"","src":"","width":0,"height":0},"classes":[]}],"_links":{"self":[{"href":"https:\/\/oldmanaries.it\/index.php\/wp-json\/wp\/v2\/posts\/4293","targetHints":{"allow":["GET"]}}],"collection":[{"href":"https:\/\/oldmanaries.it\/index.php\/wp-json\/wp\/v2\/posts"}],"about":[{"href":"https:\/\/oldmanaries.it\/index.php\/wp-json\/wp\/v2\/types\/post"}],"author":[{"embeddable":true,"href":"https:\/\/oldmanaries.it\/index.php\/wp-json\/wp\/v2\/users\/1"}],"replies":[{"embeddable":true,"href":"https:\/\/oldmanaries.it\/index.php\/wp-json\/wp\/v2\/comments?post=4293"}],"version-history":[{"count":0,"href":"https:\/\/oldmanaries.it\/index.php\/wp-json\/wp\/v2\/posts\/4293\/revisions"}],"wp:attachment":[{"href":"https:\/\/oldmanaries.it\/index.php\/wp-json\/wp\/v2\/media?parent=4293"}],"wp:term":[{"taxonomy":"category","embeddable":true,"href":"https:\/\/oldmanaries.it\/index.php\/wp-json\/wp\/v2\/categories?post=4293"},{"taxonomy":"post_tag","embeddable":true,"href":"https:\/\/oldmanaries.it\/index.php\/wp-json\/wp\/v2\/tags?post=4293"}],"curies":[{"name":"wp","href":"https:\/\/api.w.org\/{rel}","templated":true}]}}