{"id":216,"date":"2006-08-19T11:26:00","date_gmt":"2006-08-19T11:26:00","guid":{"rendered":"http:\/\/server:81\/wordpress\/?p=216"},"modified":"2006-08-19T11:26:00","modified_gmt":"2006-08-19T11:26:00","slug":"santelena","status":"publish","type":"post","link":"https:\/\/oldmanaries.it\/index.php\/2006\/08\/19\/santelena\/","title":{"rendered":"Sant&#8217;Elena"},"content":{"rendered":"<p align=\"justify\"><font face=\"Tahoma\" size=\"2\">Ieri era il 18 Agosto, Sant&#8217;Elena, l&#8217;onomastico di mia madre.<\/font><\/p>\n<p align=\"justify\"><font face=\"Tahoma\" size=\"2\">In casa mia gli onomastici sono sempre stati date un po&#8217; particolari: in molte famiglie non vengono minimamente considerati, ma da noi erano l&#8217;occasione per un pensiero carino, per una torta, per gli auguri, per far s&igrave; che fosse una giornata un&nbsp;po&#8217; speciale; soprattutto mia madre amava queste cose, mentre mio padre &egrave; sempre stato piuttosto &quot;pratico&quot;.<\/font><\/p>\n<p align=\"justify\"><font face=\"Tahoma\" size=\"2\">Praticamente ogni 18 agosto che ricordi l&#8217;abbiamo trascorso nella casa dove tutt&#8217;ora vive mio padre: quella era in origine la nostra casa delle vacanze, la casa di campagna, e dalla fine delle scuole fino a settembre (fatto salvo il periodo trascorso al mare) si stava l&igrave;, con mio padre che faceva il pendolare quando non aveva ferie.<\/font><\/p>\n<p align=\"justify\"><font face=\"Tahoma\" size=\"2\">Dicevo che ogni 18 agosto che ricordi eravamo l&igrave; e ricordo perfettamente quando mi svegliavo in tarda mattinata e scendevo dalle scale sentendo magari il profumo di una torta o di qualche piatto speciale, oppure quando con mia madre e la sua migliore amica approfittavamo della giornata per fare una splendida gita sul Lago Maggiore, partendo da Arona e traghettando fino a Locarno, dove facevamo scorta di cioccolata: era diventata una specie di tradizione a cui non sapevamo rinunciare.<\/font><\/p>\n<p align=\"justify\"><font face=\"Tahoma\" size=\"2\">Un&#8217;altra specie di tradizione nacque quasi per gioco: mia madre si lamentava sempre che mio padre non le regalasse mai dei fiori per quel giorno (considerando che abbiamo sempre avuto parecchie piante fiorite, tra rose, gladioli e via dicendo, nei nostri orti)&#8230; cos&igrave; mio padre un anno ben pens&ograve; di farle s&igrave; trovare dei fiori sul tavolo la mattina&#8230; ma si trattava di fiori di zucca! Cos&igrave;, diceva, si univa l&#8217;utile al dilettevole e lei li poteva fare in frittella per pranzo&#8230; carino, nevvero? Fatto sta che divenne una piccola tradizione che, sotto sotto, divertiva un sacco anche mia madre: tutt&#8217;ora la mattina del 18 agosto mi viene da chiedermi se mio padre abbia raccolto i fiori di zucca.<\/font><\/p>\n<p align=\"justify\"><font face=\"Tahoma\" size=\"2\">Ieri era il 18 agosto e sono andato a fare gli auguri a mia madre: un mazzo di fiori che spero non appassiscano subito, un piccolo lumino e tante parole confuse, come sempre da 10 anni a questa parte.<\/font><\/p>\n","protected":false},"excerpt":{"rendered":"<p>Ieri era il 18 Agosto, Sant&#8217;Elena, l&#8217;onomastico di mia madre. In casa mia gli onomastici sono sempre stati date un po&#8217; particolari: in molte famiglie non vengono minimamente considerati, ma&#46;&#46;&#46;<\/p>\n","protected":false},"author":1,"featured_media":0,"comment_status":"open","ping_status":"open","sticky":false,"template":"","format":"standard","meta":{"_monsterinsights_skip_tracking":false,"_monsterinsights_sitenote_active":false,"_monsterinsights_sitenote_note":"","_monsterinsights_sitenote_category":0,"_s2mail":"","ngg_post_thumbnail":0,"jetpack_post_was_ever_published":false,"_jetpack_newsletter_access":"","_jetpack_dont_email_post_to_subs":false,"_jetpack_newsletter_tier_id":0,"_jetpack_memberships_contains_paywalled_content":false,"_jetpack_memberships_contains_paid_content":false,"footnotes":""},"categories":[6,4],"tags":[],"class_list":["post-216","post","type-post","status-publish","format-standard","hentry","category-riflessioni","category-still-life"],"aioseo_notices":[],"jetpack_featured_media_url":"","jetpack_sharing_enabled":true,"jetpack_shortlink":"https:\/\/wp.me\/p8QUWp-3u","jetpack_likes_enabled":true,"jetpack-related-posts":[{"id":8030,"url":"https:\/\/oldmanaries.it\/index.php\/2021\/01\/18\/origliare-nel-tempo\/","url_meta":{"origin":216,"position":0},"title":"Origliare nel tempo","author":"Aries","date":"18 Gennaio 2021","format":false,"excerpt":"Qualche giorno fa, in una scatola messa via, ho trovato una musicassetta di cui mi ero completamente scordato. Certo, in casa mia di musicassette ce ne sono ancora molte, ovviamente esclusivamente per ricordo, ma questa era particolare. Era vecchissima e sopra c'era scritto a mano \"Sergio Piccolo\". Improvvisamente mi sono\u2026","rel":"","context":"In &quot;Riflessioni&quot;","block_context":{"text":"Riflessioni","link":"https:\/\/oldmanaries.it\/index.php\/category\/riflessioni\/"},"img":{"alt_text":"","src":"https:\/\/i0.wp.com\/oldmanaries.it\/wp-content\/uploads\/2021\/01\/WhatsApp-Image-2021-01-18-at-16.04.56.jpeg?resize=350%2C200&ssl=1","width":350,"height":200,"srcset":"https:\/\/i0.wp.com\/oldmanaries.it\/wp-content\/uploads\/2021\/01\/WhatsApp-Image-2021-01-18-at-16.04.56.jpeg?resize=350%2C200&ssl=1 1x, https:\/\/i0.wp.com\/oldmanaries.it\/wp-content\/uploads\/2021\/01\/WhatsApp-Image-2021-01-18-at-16.04.56.jpeg?resize=525%2C300&ssl=1 1.5x, https:\/\/i0.wp.com\/oldmanaries.it\/wp-content\/uploads\/2021\/01\/WhatsApp-Image-2021-01-18-at-16.04.56.jpeg?resize=700%2C400&ssl=1 2x"},"classes":[]},{"id":7782,"url":"https:\/\/oldmanaries.it\/index.php\/2020\/08\/21\/come-what-may\/","url_meta":{"origin":216,"position":1},"title":"Come what may","author":"Aries","date":"21 Agosto 2020","format":false,"excerpt":"... e si conclude con tre musicisti sul lungolago a ricordarmi che la musica ci sar\u00e0 sempre. S\u00ec, inizio dalla fine perch\u00e9 a volte serve anche stravolgere le sequenze e il finale conta tanto quanto lo svolgimento. Ieri sera ho trascorso ore a pensare a dove sarei potuto andare oggi.\u2026","rel":"","context":"In &quot;Riflessioni&quot;","block_context":{"text":"Riflessioni","link":"https:\/\/oldmanaries.it\/index.php\/category\/riflessioni\/"},"img":{"alt_text":"","src":"https:\/\/i0.wp.com\/oldmanaries.it\/wp-content\/uploads\/2020\/08\/IMG_3267-scaled.jpg?resize=350%2C200&ssl=1","width":350,"height":200,"srcset":"https:\/\/i0.wp.com\/oldmanaries.it\/wp-content\/uploads\/2020\/08\/IMG_3267-scaled.jpg?resize=350%2C200&ssl=1 1x, https:\/\/i0.wp.com\/oldmanaries.it\/wp-content\/uploads\/2020\/08\/IMG_3267-scaled.jpg?resize=525%2C300&ssl=1 1.5x, https:\/\/i0.wp.com\/oldmanaries.it\/wp-content\/uploads\/2020\/08\/IMG_3267-scaled.jpg?resize=700%2C400&ssl=1 2x, https:\/\/i0.wp.com\/oldmanaries.it\/wp-content\/uploads\/2020\/08\/IMG_3267-scaled.jpg?resize=1050%2C600&ssl=1 3x, https:\/\/i0.wp.com\/oldmanaries.it\/wp-content\/uploads\/2020\/08\/IMG_3267-scaled.jpg?resize=1400%2C800&ssl=1 4x"},"classes":[]},{"id":6124,"url":"https:\/\/oldmanaries.it\/index.php\/2017\/01\/16\/i-tre-re\/","url_meta":{"origin":216,"position":2},"title":"I tre Re","author":"Aries","date":"16 Gennaio 2017","format":false,"excerpt":"Doveva essere il 1981 o al massimo il 1982. Era dicembre, penso il ponte dell'Immacolata e io andai con mio padre (caso pi\u00f9 unico che raro) a trovare i parenti in Calabria. Ho ricordi pi\u00f9 simili a istantanee che a intere giornate. Ricordo dei fuochi d'artificio che mi sembrarono immensi.\u2026","rel":"","context":"In &quot;Riflessioni&quot;","block_context":{"text":"Riflessioni","link":"https:\/\/oldmanaries.it\/index.php\/category\/riflessioni\/"},"img":{"alt_text":"","src":"https:\/\/i0.wp.com\/www.oldmanaries.it\/wp-content\/uploads\/2017\/01\/orionedacelestia-big-1-1.png?resize=350%2C200&ssl=1","width":350,"height":200},"classes":[]},{"id":4307,"url":"https:\/\/oldmanaries.it\/index.php\/2015\/04\/14\/2-di-come-ti-celebro-un-compleanno\/","url_meta":{"origin":216,"position":3},"title":"2. Di come ti celebro un compleanno","author":"Aries","date":"14 Aprile 2015","format":false,"excerpt":"Quarantuno, quindi. Se penso che mio padre mi ebbe a 39 anni e mia madre a 37, fa un certo effetto: guardando le loro foto alla mia et\u00e0 e confrontandole\u00a0con le mie di oggi sembra comunque che siano molto pi\u00f9 vecchi. Colpa del periodo, della generazione, del fatto che erano\u2026","rel":"","context":"In &quot;Riflessioni&quot;","block_context":{"text":"Riflessioni","link":"https:\/\/oldmanaries.it\/index.php\/category\/riflessioni\/"},"img":{"alt_text":"","src":"","width":0,"height":0},"classes":[]},{"id":1333,"url":"https:\/\/oldmanaries.it\/index.php\/2010\/02\/06\/chiodi-di-garofano\/","url_meta":{"origin":216,"position":4},"title":"Chiodi di garofano","author":"Aries","date":"6 Febbraio 2010","format":false,"excerpt":"Quando la casa dove mio padre ha vissuto gli ultimi 14\/15 anni era \"solo\" la nostra casa di campagna, quella dei week-end e delle vacanze estive, c'erano alcune tradizioni o, comunque, abitudini che segnavano in modo gradevole e preciso le trasferte da o verso il nostro rifugio. C\"era la focaccia\u2026","rel":"","context":"In &quot;Still life&quot;","block_context":{"text":"Still life","link":"https:\/\/oldmanaries.it\/index.php\/category\/still-life\/"},"img":{"alt_text":"","src":"","width":0,"height":0},"classes":[]},{"id":1218,"url":"https:\/\/oldmanaries.it\/index.php\/2009\/08\/11\/i-grandi-libri\/","url_meta":{"origin":216,"position":5},"title":"I grandi libri","author":"Aries","date":"11 Agosto 2009","format":false,"excerpt":"Era il 1982. O fore l\"81. Va beh, poco importa, diciamo che avevo tra i 6 e gli 8 anni, cos\u00ec non ci sbagliamo. Mia madre lavorava part time, usciva intorno alle\u00a0 due dal lavoro e veniva a casa, dove mi trovava tornato da scuola: non ricordo chi mi venisse\u2026","rel":"","context":"In &quot;Dalla mia libreria&quot;","block_context":{"text":"Dalla mia libreria","link":"https:\/\/oldmanaries.it\/index.php\/category\/dalla-mia-libreria\/"},"img":{"alt_text":"","src":"","width":0,"height":0},"classes":[]}],"_links":{"self":[{"href":"https:\/\/oldmanaries.it\/index.php\/wp-json\/wp\/v2\/posts\/216","targetHints":{"allow":["GET"]}}],"collection":[{"href":"https:\/\/oldmanaries.it\/index.php\/wp-json\/wp\/v2\/posts"}],"about":[{"href":"https:\/\/oldmanaries.it\/index.php\/wp-json\/wp\/v2\/types\/post"}],"author":[{"embeddable":true,"href":"https:\/\/oldmanaries.it\/index.php\/wp-json\/wp\/v2\/users\/1"}],"replies":[{"embeddable":true,"href":"https:\/\/oldmanaries.it\/index.php\/wp-json\/wp\/v2\/comments?post=216"}],"version-history":[{"count":0,"href":"https:\/\/oldmanaries.it\/index.php\/wp-json\/wp\/v2\/posts\/216\/revisions"}],"wp:attachment":[{"href":"https:\/\/oldmanaries.it\/index.php\/wp-json\/wp\/v2\/media?parent=216"}],"wp:term":[{"taxonomy":"category","embeddable":true,"href":"https:\/\/oldmanaries.it\/index.php\/wp-json\/wp\/v2\/categories?post=216"},{"taxonomy":"post_tag","embeddable":true,"href":"https:\/\/oldmanaries.it\/index.php\/wp-json\/wp\/v2\/tags?post=216"}],"curies":[{"name":"wp","href":"https:\/\/api.w.org\/{rel}","templated":true}]}}