{"id":1755,"date":"2006-05-04T22:13:00","date_gmt":"2006-05-04T21:13:00","guid":{"rendered":"http:\/\/server:81\/wordpress\/?p=1755"},"modified":"2011-02-27T13:35:18","modified_gmt":"2011-02-27T12:35:18","slug":"cambiamenti-2","status":"publish","type":"post","link":"https:\/\/oldmanaries.it\/index.php\/2006\/05\/04\/cambiamenti-2\/","title":{"rendered":"Cambiamenti"},"content":{"rendered":"<p align=\"justify\"><font face=\"Tahoma\" size=\"2\">Ci sono luoghi e persone che fanno parte di noi e della nostra natura.<br \/>Si tratta di quei posti dove ci si sente come a casa propria anche se ci si va raramente, quegli amici (non conoscenti) che sono tali anche se li vedi una volta l&#8217;anno.<br \/>Per me Cesenatico e Max e Claudia hanno sempre rappresentato questo.<br \/>Iniziai ad andare in ferie nella cittadina romagnola con mia madre quando avevo 11 anni: non so neanche come venne scelto l&#8217;albergo, ma so che ci trovammo bene ed i miei decisero di tornarci anche negli anni seguenti, stringendo una buona conoscenza coi gestori di allora.<br \/>Poi gli anni passarono, io mi feci la mia compagnia di amici in zona e continuai ad andare nello stesso albergo nonostante un paio di cambi di gestori; l&#8217;ultimo cambio fu nel &#8217;92: io avevo 18 anni, ero alle prime ferie da solo (un mese in luglio, che nostalgia) ed arrivarono a gestire l&#8217;albergo questi due ragazzi di 21 e 19 anni con un coraggio incredibile per prendersi un impegno del genere ed un&#8217;abilit&agrave; naturale nel far sentire la gente a proprio agio.<br \/>Diventammo amici, non poteva essere diversamente.<br \/>E fu cos&igrave; che quell&#8217;albergo, quel posto, cominci&ograve; a diventare veramente una seconda casa per me: avevo due persone che erano sempre felici di sentirmi, che erano sempre pronte ad accogliermi e, soprattutto, con cui eravamo prontissimi a parlare e divertirci.<br \/>Era casa mia.<br \/>Se penso a quanti momenti della mia vita si sono svolti l&igrave;: le prime cotte, la prima vacanza con una mia ragazza, le prime albe, le prime fughe per stare in pace&#8230;<br \/>Cesenatico, Max e Claudia mi hanno visto nei momenti pi&ugrave; divertiti (e le gavettonate a Ferragosto sono un ricordo d&#8217;obbligo) ed in quelli pi&ugrave; duri: la loro presenza &egrave; sempre stata discreta ma consolante.<br \/>Ed io ho visto crescere loro: ho visto crescere la loro passione per la bicicletta, li ho guardati perplesso prima ed ammirato poi per le loro avventure in giro per il mondo, li ho stimati sempre pi&ugrave; per il loro impegno in Africa, mi sono sentito fiero di loro quand&#8217;&egrave; stato pubblicato il libro di Claudia, mi sono commosso con loro nel lungo periodo dell&#8217;ultima avventura di Max; ma, sopra ogni cosa, ho imparato sempre pi&ugrave; a conoscere ed amare il loro buon cuore e la loro splendida anima.<br \/>Una settimana fa ho saputo che se ne sono andati da quel posto: avevano motivi validissimi e li capisco, ma indubbiamente la notizia mi ha spiazzato, a dir poco.<br \/>Pensate come vi sentireste se un giorno vi dicessero che dei vostri cari cugini hanno lasciato la casa dove andavate sempre a trovarli e dove siete cresciuti insieme.<br \/>Ecco, io mi sono sentito cos&igrave; ed in parte mi ci sento ancora.<br \/>Ora non so se riuscir&ograve; a tornare in quei luoghi con la stessa gioia: sarebbe come andare nella casa che citavo sopra e trovare i nuovi inquilini..<br \/>Gi&agrave;, penso che ormai quella casa non sia pi&ugrave; mia.<br \/>Mi mancher&agrave;.<br \/>Mi mancheranno le risate insieme, mi mancheranno i bomboloni a mezzanotte (&quot;no, dai tu ci vuoi male <img decoding=\"async\" alt=\"\" src=\"\/editor\/fck\/editor\/images\/smiley\/rhymbox-1.0\/smile.gif\" \/>&quot;), mi mancheranno le battute sulla mia et&agrave; e sulla mia vita sentimentale, mi mancheranno i pranzi di Ferragosto e le gavettonate, mi mancheranno le battute a raffica tra me e Max e le sue sempre nuove curiosit&agrave; sul mondo informatico.<br \/>Non mi mancheranno loro, quello no, perch&eacute; non basta la distanza e non bastano le avversit&agrave;: due amici cos&igrave; cari non possono che rimanere in me, ovunque andranno ed ovunque andr&ograve;.<br \/>Sempre.<\/font><\/p>\n","protected":false},"excerpt":{"rendered":"<p>Ci sono luoghi e persone che fanno parte di noi e della nostra natura.Si tratta di quei posti dove ci si sente come a casa propria anche se ci si&#46;&#46;&#46;<\/p>\n","protected":false},"author":1,"featured_media":0,"comment_status":"open","ping_status":"open","sticky":false,"template":"","format":"standard","meta":{"_monsterinsights_skip_tracking":false,"_monsterinsights_sitenote_active":false,"_monsterinsights_sitenote_note":"","_monsterinsights_sitenote_category":0,"_s2mail":"","ngg_post_thumbnail":0,"jetpack_post_was_ever_published":false,"_jetpack_newsletter_access":"","_jetpack_dont_email_post_to_subs":false,"_jetpack_newsletter_tier_id":0,"_jetpack_memberships_contains_paywalled_content":false,"_jetpack_memberships_contains_paid_content":false,"footnotes":""},"categories":[6],"tags":[],"class_list":["post-1755","post","type-post","status-publish","format-standard","hentry","category-riflessioni"],"aioseo_notices":[],"jetpack_featured_media_url":"","jetpack_sharing_enabled":true,"jetpack_shortlink":"https:\/\/wp.me\/p8QUWp-sj","jetpack_likes_enabled":true,"jetpack-related-posts":[{"id":7039,"url":"https:\/\/oldmanaries.it\/index.php\/2018\/08\/22\/back-2\/","url_meta":{"origin":1755,"position":0},"title":"Back?","author":"Aries","date":"22 Agosto 2018","format":false,"excerpt":"Dire che sono tornato sarebbe probabilmente fare un'affermazione grossa. Le ferie, intese come giorni senza lavorare, non sono ancora terminate, ma di certo siamo agli ultimi giorni, quelli che gi\u00e0 non sanno pi\u00f9 di vacanza ma solo di transizione verso il nuovo anno. Erano anni che non facevo una vacanza\u2026","rel":"","context":"In &quot;Still life&quot;","block_context":{"text":"Still life","link":"https:\/\/oldmanaries.it\/index.php\/category\/still-life\/"},"img":{"alt_text":"","src":"https:\/\/i0.wp.com\/oldmanaries.it\/wp-content\/uploads\/2018\/08\/IMG_4404.jpg?resize=350%2C200&ssl=1","width":350,"height":200,"srcset":"https:\/\/i0.wp.com\/oldmanaries.it\/wp-content\/uploads\/2018\/08\/IMG_4404.jpg?resize=350%2C200&ssl=1 1x, https:\/\/i0.wp.com\/oldmanaries.it\/wp-content\/uploads\/2018\/08\/IMG_4404.jpg?resize=525%2C300&ssl=1 1.5x, https:\/\/i0.wp.com\/oldmanaries.it\/wp-content\/uploads\/2018\/08\/IMG_4404.jpg?resize=700%2C400&ssl=1 2x, https:\/\/i0.wp.com\/oldmanaries.it\/wp-content\/uploads\/2018\/08\/IMG_4404.jpg?resize=1050%2C600&ssl=1 3x, https:\/\/i0.wp.com\/oldmanaries.it\/wp-content\/uploads\/2018\/08\/IMG_4404.jpg?resize=1400%2C800&ssl=1 4x"},"classes":[]},{"id":6301,"url":"https:\/\/oldmanaries.it\/index.php\/2017\/03\/17\/fuori-casa\/","url_meta":{"origin":1755,"position":1},"title":"Fuori casa","author":"Aries","date":"17 Marzo 2017","format":false,"excerpt":"In quanti alberghi ho dormito, nella mia vita? In pi\u00f9 di molte persone, immagino, molti meno rispetto ad altre, senza dubbio. Alberghi visti per una notte poi mai pi\u00f9, alberghi in cui ho trascorso settimane per anni di fila, alberghi in cui ti sembra di essere coccolato, altri da cui\u2026","rel":"","context":"In &quot;Riflessioni&quot;","block_context":{"text":"Riflessioni","link":"https:\/\/oldmanaries.it\/index.php\/category\/riflessioni\/"},"img":{"alt_text":"","src":"https:\/\/i0.wp.com\/files.blogpadpro.com\/images\/speech-bubble.png?resize=350%2C200","width":350,"height":200},"classes":[]},{"id":4538,"url":"https:\/\/oldmanaries.it\/index.php\/2015\/06\/23\/72-reciprocita\/","url_meta":{"origin":1755,"position":2},"title":"72. Reciprocit\u00e0","author":"Aries","date":"23 Giugno 2015","format":false,"excerpt":"Quando ero piccolo non avevo molti amici. Nerd, secchione, preferivo leggere che giocare a pallone, non ero di certo il pi\u00f9 richiesto del giro. S\u00ec, magari si poteva passare del tempo insieme (soprattutto in estate, nella casa di campagna), ma alla fine era pi\u00f9 un \"va beh, ci sei anche\u2026","rel":"","context":"In &quot;Riflessioni&quot;","block_context":{"text":"Riflessioni","link":"https:\/\/oldmanaries.it\/index.php\/category\/riflessioni\/"},"img":{"alt_text":"","src":"","width":0,"height":0},"classes":[]},{"id":7129,"url":"https:\/\/oldmanaries.it\/index.php\/2018\/12\/22\/di-ferie-scrittura-e-presupposti\/","url_meta":{"origin":1755,"position":3},"title":"Di ferie, scrittura e presupposti","author":"Aries","date":"22 Dicembre 2018","format":false,"excerpt":"Stavo per scrivere questo post su Facebook, poi mi sono detto che il mio\u00a0luogo \u00e8 questo e che tanto vale scriverlo qui. (Ennesima notizia non richiesta, lo so). Sono in ferie, finalmente. Vero, sono stato a londra dieci giorni fa, ma Londr\u00e0 \u00e8 gioia, bellezza, vita, ma di sicuro non\u2026","rel":"","context":"In &quot;Riflessioni&quot;","block_context":{"text":"Riflessioni","link":"https:\/\/oldmanaries.it\/index.php\/category\/riflessioni\/"},"img":{"alt_text":"","src":"","width":0,"height":0},"classes":[]},{"id":3200,"url":"https:\/\/oldmanaries.it\/index.php\/2012\/07\/04\/sul-balcone\/","url_meta":{"origin":1755,"position":4},"title":"Sul balcone","author":"Aries","date":"4 Luglio 2012","format":false,"excerpt":"Penso siano passati almeno 18 anni. Per un lungo periodo le ferie in famiglia furono definite in modo piuttosto preciso, con poche varianti: io e mia madre (prima) o io da solo (dai 18 anni) andavamo al mare per due o tre settimane, poi si passava il resto del tempo\u2026","rel":"","context":"In &quot;Riflessioni&quot;","block_context":{"text":"Riflessioni","link":"https:\/\/oldmanaries.it\/index.php\/category\/riflessioni\/"},"img":{"alt_text":"","src":"","width":0,"height":0},"classes":[]},{"id":941,"url":"https:\/\/oldmanaries.it\/index.php\/2008\/08\/12\/ci-siamo-3\/","url_meta":{"origin":1755,"position":5},"title":"Ci siamo","author":"Aries","date":"12 Agosto 2008","format":false,"excerpt":"Ok, ormai ci siamo. Un volo domani alle 12.35 ci porter\u00e0\u00a0 in quel di Lanzarote, sempre sperando che il vulcano assopito da 300 e rotti anni non decida di svegliarsi nelle prossime due settimane. A questo punto saluto tutti. Saluto chi passa di qua ogni giorno e chi \u00e8 passato\u2026","rel":"","context":"In &quot;Varie ed eventuali&quot;","block_context":{"text":"Varie ed eventuali","link":"https:\/\/oldmanaries.it\/index.php\/category\/varie-ed-eventuali\/"},"img":{"alt_text":"","src":"","width":0,"height":0},"classes":[]}],"_links":{"self":[{"href":"https:\/\/oldmanaries.it\/index.php\/wp-json\/wp\/v2\/posts\/1755","targetHints":{"allow":["GET"]}}],"collection":[{"href":"https:\/\/oldmanaries.it\/index.php\/wp-json\/wp\/v2\/posts"}],"about":[{"href":"https:\/\/oldmanaries.it\/index.php\/wp-json\/wp\/v2\/types\/post"}],"author":[{"embeddable":true,"href":"https:\/\/oldmanaries.it\/index.php\/wp-json\/wp\/v2\/users\/1"}],"replies":[{"embeddable":true,"href":"https:\/\/oldmanaries.it\/index.php\/wp-json\/wp\/v2\/comments?post=1755"}],"version-history":[{"count":0,"href":"https:\/\/oldmanaries.it\/index.php\/wp-json\/wp\/v2\/posts\/1755\/revisions"}],"wp:attachment":[{"href":"https:\/\/oldmanaries.it\/index.php\/wp-json\/wp\/v2\/media?parent=1755"}],"wp:term":[{"taxonomy":"category","embeddable":true,"href":"https:\/\/oldmanaries.it\/index.php\/wp-json\/wp\/v2\/categories?post=1755"},{"taxonomy":"post_tag","embeddable":true,"href":"https:\/\/oldmanaries.it\/index.php\/wp-json\/wp\/v2\/tags?post=1755"}],"curies":[{"name":"wp","href":"https:\/\/api.w.org\/{rel}","templated":true}]}}