{"id":11643,"date":"2024-11-12T18:16:59","date_gmt":"2024-11-12T17:16:59","guid":{"rendered":"https:\/\/oldmanaries.it\/?p=11643"},"modified":"2024-11-12T18:27:41","modified_gmt":"2024-11-12T17:27:41","slug":"etica-what-are-thou","status":"publish","type":"post","link":"https:\/\/oldmanaries.it\/index.php\/2024\/11\/12\/etica-what-are-thou\/","title":{"rendered":"Etica, what are thou?"},"content":{"rendered":"<div class=\"wp-block-image\">\n<figure class=\"aligncenter size-full\"><a href=\"https:\/\/oldmanaries.it\/wp-content\/uploads\/2024\/11\/image-1.png\"><img loading=\"lazy\" decoding=\"async\" width=\"832\" height=\"448\" src=\"https:\/\/oldmanaries.it\/wp-content\/uploads\/2024\/11\/image-1.png\" alt=\"\" class=\"wp-image-11654\" srcset=\"https:\/\/oldmanaries.it\/wp-content\/uploads\/2024\/11\/image-1.png 832w, https:\/\/oldmanaries.it\/wp-content\/uploads\/2024\/11\/image-1-300x162.png 300w, https:\/\/oldmanaries.it\/wp-content\/uploads\/2024\/11\/image-1-768x414.png 768w\" sizes=\"auto, (max-width: 832px) 100vw, 832px\" \/><\/a><\/figure>\n<\/div>\n\n\n<p> <\/p>\n\n\n<p> <\/p>\n\n\n\n<p><\/p>\n\n\n\n<blockquote class=\"wp-block-quote is-layout-flow wp-block-quote-is-layout-flow\">\n<p>Se niente importa, non c\u2019\u00e8 niente da salvare (Jonathan Safran Foer)<\/p>\n<\/blockquote>\n\n\n\n<p>Non sono sicuro di quante premesse avrei bisogno di fare per questo post. Probabilmente molte. Anzitutto che io non ho mai studiato etica e filosofia, per cui ogni mia dissertazione al riguardo \u00e8 strettamente legata al mio sentire e vissuto. Poi che questo post collegher\u00e0 in modo forse acrobatico argomenti apparentemente lontani tra di loro, ma che continuano a rimbalzarmi in testa con un filo conduttore che forse vedo solo io, ma questo \u00e8 il mio blog e quindi la mia parola \u00e8 quella che conta. Facciamoci bastare queste e iniziamo.<\/p>\n\n\n\n<p>Qualche giorno fa mi \u00e8 capitato di trovarmi in una discussione che, in parte, avevo gi\u00e0 avuto con altre persone. Il concetto era sempre lo spirito di adattamento in viaggio, soprattutto in campo alimentare e &#8211; guarda un po&#8217; che caso &#8211; si \u00e8 finiti a parlare della situazione in cui una persona sia vegetariana o vegana, gli altri no e non ci siano opzioni <em>comode e veloci <\/em>per far mangiare la persona veg. Molte persone &#8211; direi la maggioranza, per fortuna &#8211; si sono espresse dicendo che se c&#8217;\u00e8 una persona veg si cerca di organizzarsi per tempo in modo che possa mangiare tranquillamente: lei magari dovr\u00e0 adattarsi in certe situazioni a non avere molta scelta (in alcuni paesi \u00e8 pi\u00f9 difficile che in altri), ma il gruppo deve tenerne conto. Posizione con cui, si immaginer\u00e0, concordo fortemente: che si sia tra estranei o, a maggior ragione, tra amici, \u00e8 fondamentale venire incontro alle necessit\u00e0 di tutti e &#8211; soprattutto tra amici &#8211; questa cosa non \u00e8 n\u00e9 una sorpresa n\u00e9 un evento isolato, quindi c&#8217;\u00e8 tutto il tempo di capire come organizarsi.<\/p>\n\n\n\n<p>Eppure qualche voce dissonante c&#8217;\u00e8 stata, riassumibile in &#8220;beh, ma a questo punto, visto che la maggioranza non ha problemi e che si \u00e8 tra amici dovrebbe essere il singolo ad adattarsi e se per una volta mangia carne non muore nessuno&#8221; (a parte l&#8217;animale, aggiungerei sarcastico io). Prima di commentare vorrei aggiungere ingredienti a questo scambio, dato che si tratta di un&#8217;obiezione che gi\u00e0 avevo sentito in alti casi. La mia domanda a seguire \u00e8 stata &#8220;beh, ma se una persona fosse allergica, celiaca, intollerante diresti la stessa cosa? E se fosse una scelta religiosa?&#8221;. La risposta? &#8220;Per me se si tratta di malattia ovviamente no, ma quella \u00e8 la cosa pi\u00f9 importante. <strong>Invece per quanto mi riguarda la religione non esiste e non si considera<\/strong>&#8220;<\/p>\n\n\n\n<p>A ognuno trarre le proprie deduzioni al riguardo, ma qui scriver\u00f2 qualcuna delle mie. Alla persona ho risposto che evidentemente abbiamo priorit\u00e0 diverse e l&#8217;ho chiusa l\u00ec, ma per quanto mi riguarda queste priorit\u00e0 sono quelle che identificano un certo modo di approcciarsi alla societ\u00e0 civile. Io fatto una scelta etica: non mangio animali. E sono anche conscio che sia una scelta incompleta, perch\u00e9 non sono (ancora) vegano. Ho comunque fatto una scelta e quando ho iniziato a essere vegetariano mi sono sempre detto che &#8211; se avessi desiderato farlo &#8211; avrei mangiato carne, cosa che non \u00e8 mai avvenuta in ormai pi\u00f9 di 11 anni. Sottolineo: se IO avessi desiderato. Cos\u00ec come se IO in quella situazione volessi rinunciare alla mia scelta sarei legittimato a farlo, dato che com&#8217;\u00e8 una mia scelta \u00e8 anche mia possibilit\u00e0 decidere di sospenderla in certi casi.<\/p>\n\n\n\n<p>Ci\u00f2 che invece non trovo accettabile \u00e8 che <em>qualcun altro<\/em> si senta in diritto di dirmi quando IO devo sospendere la mia scelta etica. In particolar modo per <em>non recare disturbo agli altri<\/em> (che dovrebbero essere miei amici). Mi si sta dicendo, quindi, che la mia etica conta meno della comodit\u00e0 degli altri, conta solo finch\u00e9 non \u00e8 un disturbo. Non \u00e8 accettata, \u00e8 <em>tollerata<\/em>. Il mio paragone con religione e malattie \u00e8 sempre provocatorio e voluto perch\u00e9 nessuno (che non sia mononeuronale) si metterebbe a sindacare le problematiche di salute altrui. Qualcuno evidentemente lo fa per le scelte religiose. Ma l&#8217;etica \u00e8 a fondo scala.<\/p>\n\n\n\n<p>Ed \u00e8 questo approccio all&#8217;etica che mi fa riflettere pesantemente, perch\u00e9 mi rendo conto che il rispetto e la consapevolezza verso l&#8217;importanza di un&#8217;etica personale sono effimeri se non addirittura assenti nella maggior parte dei casi. Dire che si fa una scelta per etica ci rende animali curiosi, degni di un&#8217;alzata di sopracciglio, di tolleranza finch\u00e9 non si disturba, ma se poi questa etica si pone come ostacolo allora \u00e8 come se si dicesse &#8220;va beh, dai, ora piantiamola di giocare, metti via i tuoi capriccetti e comportati da adulto non rompendoci le palle&#8221;.<\/p>\n\n\n\n<p>La scelta etica, quella che non ci porta vantaggi, che facciamo perch\u00e9 riteniamo che sia giusto cos\u00ec, che anche se altre scelte possono essere pi\u00f9 facili non le vogliamo perseguire per i danni che portano ad altri, \u00e8 un concetto cos\u00ec esotico che viene facile non considerarlo &#8220;importante&#8221;. Se mangi carne una volta non succede nulla, no? Sei <em>solo<\/em> venuto contro ai tuoi valori. Cosa vuoi che sia?<\/p>\n\n\n\n<p>Se volti lo sguardo quando qualcuno viene maltrattato non succede nulla, no? Cosa vuoi che sia?<\/p>\n\n\n\n<p>Se fai silenzio mentre assisti ad altri che ingannano o rubano non succede nulla se non rubano a te, no? Cosa vuoi che sia?<\/p>\n\n\n\n<p>Esempi molto lontani? No. Non se abbiamo una nostra etica.<\/p>\n\n\n\n<p>(Non sto commentando l&#8217;aspetto sulla religione perch\u00e9 anche quella frase per me \u00e8 grave: io sono agnostico, ma <em>la mia etica<\/em> mi porta a rispettare le necessit\u00e0 religiose di chi mi sta accanto, finch\u00e9 non vengono imposte in modo restrittivo a me o ad altri).<\/p>\n\n\n\n<p>Ma proseguiamo.<\/p>\n\n\n\n<p>Sappiamo tutti benissimo come sono andate le elezioni americane e non credo di aver bisogno di specificare l&#8217;amarezza crescente del momento e dei giorni successivi. In questi giorni, per\u00f2, sto assistendo soprattutto su TikTok a racconti che a ragionarci a dovere non avrebbero dovuto sorprendermi: amicizie, relazioni, matrimoni che si stanno spaccando perch\u00e9 dei membri hanno votato Trump e chi, invece, ha votato Harris non ci sta e sta chiudendo le porte, lasciando i primi qualche volta incazzati, ma sempre stupiti, come fossero caduti dal pero. <\/p>\n\n\n\n<p>&#8220;Ma io non ho votato contro di te, ho votato perch\u00e9 Trump ha promesso di farmi risparmiare&#8221; dicono molti a donne, a esponenti della comunit\u00e0 LGBTQ+, a minoranze gi\u00e0 minacciate. &#8220;Non ho votato contro di te&#8221;. &#8220;Mi fa risparmiare&#8221;. La logica di questo non-ragionamento \u00e8 tanto spiazzante quanto rivelatoria: il voto di molti si fa per ottenere qualcosa nel proprio piccolo orticello. Non importa se poi questo impatter\u00e0 sulle vite altrui: &#8220;io non volevo&#8221;. Non importa se quelle vite sono a contatto con noi: &#8220;non l&#8217;ho fatto pensando a te&#8221;. Gi\u00e0. Ma \u00e8 quel &#8220;te&#8221; che ne subisce le conseguenze. \u00c8 quel &#8220;te&#8221; che finir\u00e0 per pagare sulla propria pelle quei pochi dollari che penserai di risparmiare. Di nuovo torniamo all&#8217;etica: non importa se ci\u00f2 che \u00e8 stato espresso dalla destra americana \u00e8 eticamente indegno, l&#8217;importante \u00e8 che mi faccia risparmiare. L&#8217;importante \u00e8 che <em>io<\/em> stia bene. Tu? Mica pensavo a te. <\/p>\n\n\n\n<p>Guardiamoci intorno e leggendo ci\u00f2 che avviene con questa chiave di lettura finiremo forse per capire molto meglio il perch\u00e9 siamo nelle condizioni attuali. Abbiamo &#8211; come societ\u00e0 &#8211; smesso di considerare l&#8217;etica un valore. Se quando un giudice esprime un parere legale contrario alla propria fazione politica la risposta \u00e8 che i giudici sono di parte, il motivo \u00e8 che non siamo pi\u00f9 in grado di valutare il bene della comunit\u00e0, degli altri, rispetto alle nostre piccole esigenze individuali.<\/p>\n\n\n\n<p>Il momento in cui IO \u00e8 diventato pi\u00f9 importante di NOI e di VOI \u00e8 quello in cui abbiamo iniziato a perdere la partita della civilt\u00e0, al punto che se qualcuno \u00e8 sinceramente gentile facciamo fatica a credere che non voglia qualcosa in cambio, al punto che una scelta etica diventa solo un fastidio rispetto al culo comodo di un gruppo di sedicenti amici.<\/p>\n\n\n\n<p>Nel 1984, durante le prime Guerre Segrete Marvel, nel primo numero un&#8217;entit\u00e0 potentissima nota come Beyonder\/Arcano port\u00f2 su un pianeta deserto un gruppo di eroi e uno di villain per farli scontrare. Con una particolarit\u00e0: Magneto fu incluso tra gli eroi. Perch\u00e9? Quale errore poteva esserci stato? La risposta &#8211; semplice eppure geniale &#8211; arriv\u00f2 pochi numeri dopo: la scelta tra eroi e villain era stata fatta in base ai desideri dei personaggi. Quelli che avevano desideri e sentimenti per lo pi\u00f9 egoistici, che agivano esclusivamente per il proprio tornaconto erano inseriti nel gruppo dei cattivi, al contrario quelli che avevano  una spinta nettamente altruistica, che agivano per un bene al di fuori di loro stessi erano eroi.<\/p>\n\n\n\n<p>Magneto era un eroe, perch\u00e9 il suo desiderio era proteggere la razza mutante, non un qualsiasi tornaconto personale.<\/p>\n\n\n\n<p>In questi giorni non posso fare a meno di chiedermi in quanti tra coloro che incrociamo finirebbero in un gruppo o nell&#8217;altro e penso che la differenza la farebbe il loro rapporto con l&#8217;etica propria e altrui.<\/p>\n\n\n\n<p><\/p>\n","protected":false},"excerpt":{"rendered":"<p>Se niente importa, non c\u2019\u00e8 niente da salvare (Jonathan Safran Foer) Non sono sicuro di quante premesse avrei bisogno di fare per questo post. Probabilmente molte. Anzitutto che io non&#46;&#46;&#46;<\/p>\n","protected":false},"author":1,"featured_media":11654,"comment_status":"open","ping_status":"closed","sticky":false,"template":"","format":"standard","meta":{"_monsterinsights_skip_tracking":false,"_monsterinsights_sitenote_active":false,"_monsterinsights_sitenote_note":"","_monsterinsights_sitenote_category":0,"_s2mail":"","ngg_post_thumbnail":0,"jetpack_post_was_ever_published":false,"_jetpack_newsletter_access":"","_jetpack_dont_email_post_to_subs":false,"_jetpack_newsletter_tier_id":0,"_jetpack_memberships_contains_paywalled_content":false,"_jetpack_memberships_contains_paid_content":false,"footnotes":""},"categories":[6],"tags":[510,678,676,677,680],"class_list":["post-11643","post","type-post","status-publish","format-standard","has-post-thumbnail","hentry","category-riflessioni","tag-etica","tag-lgbtq-2","tag-vegan","tag-vegetarian","tag-women-rights"],"aioseo_notices":[],"jetpack_featured_media_url":"https:\/\/oldmanaries.it\/wp-content\/uploads\/2024\/11\/image-1.png","jetpack_sharing_enabled":true,"jetpack_shortlink":"https:\/\/wp.me\/p8QUWp-31N","jetpack_likes_enabled":true,"jetpack-related-posts":[{"id":3776,"url":"https:\/\/oldmanaries.it\/index.php\/2013\/09\/22\/se-niente-importa\/","url_meta":{"origin":11643,"position":0},"title":"Se niente importa","author":"Aries","date":"22 Settembre 2013","format":false,"excerpt":"Alcune premesse sono doverose. Io, per 39 anni, sono stato, pi\u00f9 che onnivoro, quasi esclusivamente carnivoro. Il mio rapporto coi vegetali \u00e8 andato migliorando solo negli ultimi anni e mi sono sempre schermato dietro la frase \"mi piacciono troppo certi alimenti per rinunciare\". In realt\u00e0 una parte di me, per\u00f2,\u2026","rel":"","context":"In &quot;Dalla mia libreria&quot;","block_context":{"text":"Dalla mia libreria","link":"https:\/\/oldmanaries.it\/index.php\/category\/dalla-mia-libreria\/"},"img":{"alt_text":"","src":"https:\/\/i0.wp.com\/www.oldmanaries.it\/wp-content\/uploads\/2013\/09\/31IkUbB1M-L._.jpg?resize=350%2C200&ssl=1","width":350,"height":200},"classes":[]},{"id":10307,"url":"https:\/\/oldmanaries.it\/index.php\/2021\/05\/17\/etica-e-titoli\/","url_meta":{"origin":11643,"position":1},"title":"Etica e titoli","author":"Aries","date":"17 Maggio 2021","format":false,"excerpt":"Photo by Katerina Holmes on Pexels.com Tempo fa, si parla di giugno\/luglio, una persona in contatto con una (allora) amica mi chiese delle dritte per un podcast che stava per mettere on line: lei fa e faceva - \u00e8 importante per il seguito - tutt'altro lavoro e c'erano alcune cose\u2026","rel":"","context":"In &quot;Riflessioni&quot;","block_context":{"text":"Riflessioni","link":"https:\/\/oldmanaries.it\/index.php\/category\/riflessioni\/"},"img":{"alt_text":"crop cheerful black female teacher standing near whiteboard in classroom","src":"https:\/\/i0.wp.com\/oldmanaries.it\/wp-content\/uploads\/2021\/05\/pexels-photo-5905456.jpeg?resize=350%2C200&ssl=1","width":350,"height":200,"srcset":"https:\/\/i0.wp.com\/oldmanaries.it\/wp-content\/uploads\/2021\/05\/pexels-photo-5905456.jpeg?resize=350%2C200&ssl=1 1x, https:\/\/i0.wp.com\/oldmanaries.it\/wp-content\/uploads\/2021\/05\/pexels-photo-5905456.jpeg?resize=525%2C300&ssl=1 1.5x, https:\/\/i0.wp.com\/oldmanaries.it\/wp-content\/uploads\/2021\/05\/pexels-photo-5905456.jpeg?resize=700%2C400&ssl=1 2x, https:\/\/i0.wp.com\/oldmanaries.it\/wp-content\/uploads\/2021\/05\/pexels-photo-5905456.jpeg?resize=1050%2C600&ssl=1 3x, https:\/\/i0.wp.com\/oldmanaries.it\/wp-content\/uploads\/2021\/05\/pexels-photo-5905456.jpeg?resize=1400%2C800&ssl=1 4x"},"classes":[]},{"id":8125,"url":"https:\/\/oldmanaries.it\/index.php\/2021\/03\/24\/etica-e-correttezza\/","url_meta":{"origin":11643,"position":2},"title":"Etica e correttezza","author":"Aries","date":"24 Marzo 2021","format":false,"excerpt":"Photo by Skylar Kang on Pexels.com A fine settembre lo stesso cliente che a marzo tir\u00f2 i remi in barca facendomi credere non ci fosse lavoro ma provando ad affidarlo a uno stagista che fece solo danni smise di girarmi lavori. Considerando che lui aveva due giornate alla settimana riservate,\u2026","rel":"","context":"In &quot;Riflessioni&quot;","block_context":{"text":"Riflessioni","link":"https:\/\/oldmanaries.it\/index.php\/category\/riflessioni\/"},"img":{"alt_text":"modern workplace with computer and portable radio on wooden table","src":"https:\/\/i0.wp.com\/oldmanaries.it\/wp-content\/uploads\/2021\/03\/pexels-photo-6368906.jpeg?resize=350%2C200&ssl=1","width":350,"height":200,"srcset":"https:\/\/i0.wp.com\/oldmanaries.it\/wp-content\/uploads\/2021\/03\/pexels-photo-6368906.jpeg?resize=350%2C200&ssl=1 1x, https:\/\/i0.wp.com\/oldmanaries.it\/wp-content\/uploads\/2021\/03\/pexels-photo-6368906.jpeg?resize=525%2C300&ssl=1 1.5x, https:\/\/i0.wp.com\/oldmanaries.it\/wp-content\/uploads\/2021\/03\/pexels-photo-6368906.jpeg?resize=700%2C400&ssl=1 2x, https:\/\/i0.wp.com\/oldmanaries.it\/wp-content\/uploads\/2021\/03\/pexels-photo-6368906.jpeg?resize=1050%2C600&ssl=1 3x, https:\/\/i0.wp.com\/oldmanaries.it\/wp-content\/uploads\/2021\/03\/pexels-photo-6368906.jpeg?resize=1400%2C800&ssl=1 4x"},"classes":[]},{"id":3043,"url":"https:\/\/oldmanaries.it\/index.php\/2012\/03\/08\/la-vita-non-mi-spaventa\/","url_meta":{"origin":11643,"position":3},"title":"La vita non mi spaventa","author":"Aries","date":"8 Marzo 2012","format":false,"excerpt":"Devo scusarmi. Parecchio tempo fa avevo promesso di tradurre e condividere qualche poesia di Maya Angelou, ma mi sono reso conto di non averlo pi\u00f9 fatto: considerando, poi, che sono molte le persone che arrivano su questo blog digitando proprio il nome di questa grandissima donna, allora la colpa si\u2026","rel":"","context":"In &quot;Maya Angelou&quot;","block_context":{"text":"Maya Angelou","link":"https:\/\/oldmanaries.it\/index.php\/category\/dalla-mia-libreria\/maya-angelou\/"},"img":{"alt_text":"","src":"","width":0,"height":0},"classes":[]},{"id":4246,"url":"https:\/\/oldmanaries.it\/index.php\/2015\/02\/02\/armi-di-persuasione-di-massa\/","url_meta":{"origin":11643,"position":4},"title":"Armi di persuasione di massa","author":"Aries","date":"2 Febbraio 2015","format":false,"excerpt":"Il medium fumetto \u00e8 da sempre un mezzo di comunicazione molto pi\u00f9 versatile e potente di quanto un \"non iniziato\" possa pensare. Accanto a storie supereroistiche, a letteratura per immagini quale Sandman, a capolavori dell'umorismo come Peanuts o Calvin e Hobbes, esistono anche fumetti che usano l'immagine esclusivamente come parziale\u2026","rel":"","context":"In &quot;Brooke Gladstone&quot;","block_context":{"text":"Brooke Gladstone","link":"https:\/\/oldmanaries.it\/index.php\/category\/dalla-mia-libreria\/brooke-gladstone\/"},"img":{"alt_text":"","src":"https:\/\/i0.wp.com\/www.oldmanaries.it\/wp-content\/uploads\/2015\/02\/18144280.jpg?resize=350%2C200&ssl=1","width":350,"height":200},"classes":[]},{"id":6380,"url":"https:\/\/oldmanaries.it\/index.php\/2017\/04\/18\/inchiesta\/","url_meta":{"origin":11643,"position":5},"title":"Inchiesta","author":"Aries","date":"18 Aprile 2017","format":false,"excerpt":"Ho sempre avuto un'enorme ammirazione per la professione giornalistica: l'idea di persone pronte a sacrificarsi, addirittura in certe occasioni a sacrificare la propria vita e la propria sicurezza, in nome della verit\u00e0 \u00e8 un qualcosa che ho sempre trovato degna di ogni stima e di onore. Nella mia mente, il\u2026","rel":"","context":"In &quot;Riflessioni&quot;","block_context":{"text":"Riflessioni","link":"https:\/\/oldmanaries.it\/index.php\/category\/riflessioni\/"},"img":{"alt_text":"","src":"","width":0,"height":0},"classes":[]}],"_links":{"self":[{"href":"https:\/\/oldmanaries.it\/index.php\/wp-json\/wp\/v2\/posts\/11643","targetHints":{"allow":["GET"]}}],"collection":[{"href":"https:\/\/oldmanaries.it\/index.php\/wp-json\/wp\/v2\/posts"}],"about":[{"href":"https:\/\/oldmanaries.it\/index.php\/wp-json\/wp\/v2\/types\/post"}],"author":[{"embeddable":true,"href":"https:\/\/oldmanaries.it\/index.php\/wp-json\/wp\/v2\/users\/1"}],"replies":[{"embeddable":true,"href":"https:\/\/oldmanaries.it\/index.php\/wp-json\/wp\/v2\/comments?post=11643"}],"version-history":[{"count":5,"href":"https:\/\/oldmanaries.it\/index.php\/wp-json\/wp\/v2\/posts\/11643\/revisions"}],"predecessor-version":[{"id":11660,"href":"https:\/\/oldmanaries.it\/index.php\/wp-json\/wp\/v2\/posts\/11643\/revisions\/11660"}],"wp:featuredmedia":[{"embeddable":true,"href":"https:\/\/oldmanaries.it\/index.php\/wp-json\/wp\/v2\/media\/11654"}],"wp:attachment":[{"href":"https:\/\/oldmanaries.it\/index.php\/wp-json\/wp\/v2\/media?parent=11643"}],"wp:term":[{"taxonomy":"category","embeddable":true,"href":"https:\/\/oldmanaries.it\/index.php\/wp-json\/wp\/v2\/categories?post=11643"},{"taxonomy":"post_tag","embeddable":true,"href":"https:\/\/oldmanaries.it\/index.php\/wp-json\/wp\/v2\/tags?post=11643"}],"curies":[{"name":"wp","href":"https:\/\/api.w.org\/{rel}","templated":true}]}}