{"id":1121,"date":"2009-04-10T22:27:00","date_gmt":"2009-04-10T22:27:00","guid":{"rendered":"http:\/\/server:81\/wordpress\/?p=1121"},"modified":"2009-04-10T22:27:00","modified_gmt":"2009-04-10T22:27:00","slug":"venerd-santo","status":"publish","type":"post","link":"https:\/\/oldmanaries.it\/index.php\/2009\/04\/10\/venerd-santo\/","title":{"rendered":"Venerd&igrave; santo?"},"content":{"rendered":"<p align=\"justify\"><font face=\"Tahoma\" size=\"2\">Ok, io posso anche essere un filo prevenuto, ma a me qualcosa continua a non quadrare.<\/font><\/p>\n<p align=\"justify\"><font face=\"Tahoma\" size=\"2\">Oggi era venerd\u00ec santo, giusto?<\/font><\/p>\n<p align=\"justify\"><font face=\"Tahoma\" size=\"2\">O meglio: oggi, per chi crede, era venerd\u00ec santo.<\/font><\/p>\n<p align=\"justify\"><font face=\"Tahoma\" size=\"2\">Quel &#8220;per chi crede&#8221; \u00e8 fondamentale nel mio ragionamento, ma lo vedremo tra poco.<\/font><\/p>\n<p align=\"justify\"><font face=\"Tahoma\" size=\"2\">Continuiamo.<\/font><\/p>\n<p align=\"justify\"><font face=\"Tahoma\" size=\"2\">Venerd\u00ec santo, sempre per chi crede, si dovrebbe mangiar magro; ora tutti si ostinano a mangiar pesce ed a evitare la carne, ma se andiamo a ben vedere la tradizione vorrebbe proprio che si saltasse un pasto.<\/font><\/p>\n<p align=\"justify\"><font face=\"Tahoma\" size=\"2\">Comunque sia, che uno non mangi carne o salti un pasto, si dovrebbe trattare comunque di una scelta fatta in autonomia e dettata dalla propria religione, giusto?<\/font><\/p>\n<p align=\"justify\"><font face=\"Tahoma\" size=\"2\">Orbene, penso si concorder\u00e0\u00a0 con me che il fatto di sentirsi dire (nel solito ristorante) &#8220;oggi niente affettati e carne, \u00e8 venerd\u00ec santo&#8221; possa, come dire, far girare vagamente le gonadi, vero?<\/font><\/p>\n<p align=\"justify\"><font face=\"Tahoma\" size=\"2\">Ad accentuare tale giramento si tenga presente che:<\/font><\/p>\n<p align=\"justify\"><font face=\"Tahoma\" size=\"2\">&#8211; di solito evito di mangiare pasta e riso quando sono in giro ed il pesce, in tale posto, arriva in porzioni puffesche<\/font><\/p>\n<p align=\"justify\"><font face=\"Tahoma\" size=\"2\">&#8211; il sottoscritto \u00e8 notoriamente agnostico, indi per cui oggi era semplicemente venerd\u00ec 10 aprile<\/font><\/p>\n<p align=\"justify\"><font face=\"Tahoma\" size=\"2\">&#8211; il qui presente \u00e8 anche scomunicato in quanto divorziato e trombante praticante<\/font><\/p>\n<p align=\"justify\"><font face=\"Tahoma\" size=\"2\">&#8211; sembra che tale regola non si applicasse ai clienti che pagavano &#8220;alla carta&#8221; invece del menu &#8220;fisso&#8221; proposto per i convenzionati.<\/font><\/p>\n<p align=\"justify\"><font face=\"Tahoma\" size=\"2\">E, soprattutto, se ti ordino un calzone liscio e non vuoi portarmelo col prosciutto, chi cavolo ti dice di riempirmelo di funghi e carciofi per (testuale) &#8220;far spessore&#8221;, quando a me fanno schifo entrambi nella pizza?<\/font><\/p>\n<p align=\"justify\"><font face=\"Tahoma\" size=\"2\">Io sar\u00f2 anche ottuso, rompipalle, intollerante e (cito la mia finto-cattolica ex moglie) una &#8220;pessima persona&#8221;, ma a me qualcosa in tutto ci\u00f2 continua a non quadrare&#8230;<\/font><\/p>\n","protected":false},"excerpt":{"rendered":"<p>Ok, io posso anche essere un filo prevenuto, ma a me qualcosa continua a non quadrare. Oggi era venerd\u00ec santo, giusto? O meglio: oggi, per chi crede, era venerd\u00ec santo.&#46;&#46;&#46;<\/p>\n","protected":false},"author":1,"featured_media":0,"comment_status":"open","ping_status":"open","sticky":false,"template":"","format":"standard","meta":{"_monsterinsights_skip_tracking":false,"_monsterinsights_sitenote_active":false,"_monsterinsights_sitenote_note":"","_monsterinsights_sitenote_category":0,"_s2mail":"","ngg_post_thumbnail":0,"jetpack_post_was_ever_published":false,"_jetpack_newsletter_access":"","_jetpack_dont_email_post_to_subs":false,"_jetpack_newsletter_tier_id":0,"_jetpack_memberships_contains_paywalled_content":false,"_jetpack_memberships_contains_paid_content":false,"footnotes":""},"categories":[6,4],"tags":[],"class_list":["post-1121","post","type-post","status-publish","format-standard","hentry","category-riflessioni","category-still-life"],"aioseo_notices":[],"jetpack_featured_media_url":"","jetpack_sharing_enabled":true,"jetpack_shortlink":"https:\/\/wp.me\/p8QUWp-i5","jetpack_likes_enabled":true,"jetpack-related-posts":[{"id":6561,"url":"https:\/\/oldmanaries.it\/index.php\/2017\/07\/24\/insofferenza\/","url_meta":{"origin":1121,"position":0},"title":"Insofferenza","author":"Aries","date":"24 Luglio 2017","format":false,"excerpt":"Non so se sia la stanchezza, la voglia di stimoli mentali, la vecchiaia che avanza o tutti questi fattori insieme, ma mi rendo conto di essere sempre pi\u00f9 insofferente. Se negli anni ho cercato di avere tolleranza verso quello che trovavo comunque fastidioso o peggio, questa spinta \u00e8 sempre pi\u00f9\u2026","rel":"","context":"In &quot;Cosa celebri oggi?&quot;","block_context":{"text":"Cosa celebri oggi?","link":"https:\/\/oldmanaries.it\/index.php\/category\/cosa-celebri-oggi\/"},"img":{"alt_text":"","src":"","width":0,"height":0},"classes":[]},{"id":4121,"url":"https:\/\/oldmanaries.it\/index.php\/2014\/12\/24\/24-dicembre-2014\/","url_meta":{"origin":1121,"position":1},"title":"24 dicembre 2014","author":"Aries","date":"24 Dicembre 2014","format":false,"excerpt":"Mezzanotte e cinquantatre, \u00e8 ufficialmente la Vigilia di Natale. Ho trascorso l'ultima ora a litigare con un upgrade del portatile e ora posso ufficialmente definirmi in ferie, un concetto che mi risulta tanto strano, dopo gli ultimi mesi, che dovr\u00f2 impiegare qualche istante ad abituarmici. Tra poche ore partir\u00f2 per\u2026","rel":"","context":"In &quot;Riflessioni&quot;","block_context":{"text":"Riflessioni","link":"https:\/\/oldmanaries.it\/index.php\/category\/riflessioni\/"},"img":{"alt_text":"","src":"","width":0,"height":0},"classes":[]},{"id":6044,"url":"https:\/\/oldmanaries.it\/index.php\/2016\/12\/26\/avanzi-e-ricicciamenti\/","url_meta":{"origin":1121,"position":2},"title":"Avanzi e ricicciamenti","author":"Aries","date":"26 Dicembre 2016","format":false,"excerpt":"Qualche spunto da fine della prima tre giorni festiva, prima di una settimana lavorativa (anche se pi\u00f9 breve delle solite), di qualche giorno di ferie, un matrimonio e varie ed eventuali. Non \u00e8 un post di approfondimento, anzi, \u00e8 pi\u00f9 uno di quelli composti da flash e pensieri sparsi; d'altro\u2026","rel":"","context":"In &quot;Riflessioni&quot;","block_context":{"text":"Riflessioni","link":"https:\/\/oldmanaries.it\/index.php\/category\/riflessioni\/"},"img":{"alt_text":"","src":"","width":0,"height":0},"classes":[]},{"id":6013,"url":"https:\/\/oldmanaries.it\/index.php\/2016\/12\/12\/del-mangiare-fuori\/","url_meta":{"origin":1121,"position":3},"title":"Del mangiare fuori","author":"Aries","date":"12 Dicembre 2016","format":false,"excerpt":"Ormai quasi tre anni fa fummo invitati a un compleanno; il luogo prescelto? Un posto in cui si mangiava quasi esclusivamente carne. Io e Miss Sauron, lo sapete, siamo vegetariani e ovviamente chi ci ha invitati lo sapeva benissimo. La serata trascorse con gente che si scofanava grigliate di carne\u2026","rel":"","context":"In &quot;Riflessioni&quot;","block_context":{"text":"Riflessioni","link":"https:\/\/oldmanaries.it\/index.php\/category\/riflessioni\/"},"img":{"alt_text":"","src":"","width":0,"height":0},"classes":[]},{"id":4467,"url":"https:\/\/oldmanaries.it\/index.php\/2015\/05\/29\/47-fill-in\/","url_meta":{"origin":1121,"position":4},"title":"47. Fill-in","author":"Aries","date":"29 Maggio 2015","format":false,"excerpt":"Chi non conosce il linguaggio dei fumetti probabilmente non capir\u00e0 il titolo del post e gli altri potrebbero decidere di saltarlo a pi\u00e9 pari, ma corro il rischio. Un fill-in \u00e8, nei fumetti Marvel (o potrei dire \"era\", dato che ormai ce ne sono veramente pochi) una storia slegata dalla\u2026","rel":"","context":"In &quot;Un post al giorno&quot;","block_context":{"text":"Un post al giorno","link":"https:\/\/oldmanaries.it\/index.php\/category\/un-post-al-giorno\/"},"img":{"alt_text":"","src":"","width":0,"height":0},"classes":[]},{"id":7559,"url":"https:\/\/oldmanaries.it\/index.php\/2020\/03\/12\/lockdown\/","url_meta":{"origin":1121,"position":5},"title":"Lockdown","author":"Aries","date":"12 Marzo 2020","format":false,"excerpt":"Piazza Gae Aulenti, Milano, 11 marzo 2020 (Claudio Furlan - LaPresse) Foto presa da Il Post Gioved\u00ec 12 marzo 2020. Sono le 10.09 nel momento in cui inizio a scrivere questo post e, oggettivamente, non sono neanche particolarmente sicuro di cosa scriver\u00f2. Ma so che devo farlo. Io vivo in\u2026","rel":"","context":"In &quot;Riflessioni&quot;","block_context":{"text":"Riflessioni","link":"https:\/\/oldmanaries.it\/index.php\/category\/riflessioni\/"},"img":{"alt_text":"","src":"https:\/\/i0.wp.com\/oldmanaries.it\/wp-content\/uploads\/2020\/03\/Coronavirus_09.jpg?resize=350%2C200&ssl=1","width":350,"height":200,"srcset":"https:\/\/i0.wp.com\/oldmanaries.it\/wp-content\/uploads\/2020\/03\/Coronavirus_09.jpg?resize=350%2C200&ssl=1 1x, https:\/\/i0.wp.com\/oldmanaries.it\/wp-content\/uploads\/2020\/03\/Coronavirus_09.jpg?resize=525%2C300&ssl=1 1.5x, https:\/\/i0.wp.com\/oldmanaries.it\/wp-content\/uploads\/2020\/03\/Coronavirus_09.jpg?resize=700%2C400&ssl=1 2x"},"classes":[]}],"_links":{"self":[{"href":"https:\/\/oldmanaries.it\/index.php\/wp-json\/wp\/v2\/posts\/1121","targetHints":{"allow":["GET"]}}],"collection":[{"href":"https:\/\/oldmanaries.it\/index.php\/wp-json\/wp\/v2\/posts"}],"about":[{"href":"https:\/\/oldmanaries.it\/index.php\/wp-json\/wp\/v2\/types\/post"}],"author":[{"embeddable":true,"href":"https:\/\/oldmanaries.it\/index.php\/wp-json\/wp\/v2\/users\/1"}],"replies":[{"embeddable":true,"href":"https:\/\/oldmanaries.it\/index.php\/wp-json\/wp\/v2\/comments?post=1121"}],"version-history":[{"count":0,"href":"https:\/\/oldmanaries.it\/index.php\/wp-json\/wp\/v2\/posts\/1121\/revisions"}],"wp:attachment":[{"href":"https:\/\/oldmanaries.it\/index.php\/wp-json\/wp\/v2\/media?parent=1121"}],"wp:term":[{"taxonomy":"category","embeddable":true,"href":"https:\/\/oldmanaries.it\/index.php\/wp-json\/wp\/v2\/categories?post=1121"},{"taxonomy":"post_tag","embeddable":true,"href":"https:\/\/oldmanaries.it\/index.php\/wp-json\/wp\/v2\/tags?post=1121"}],"curies":[{"name":"wp","href":"https:\/\/api.w.org\/{rel}","templated":true}]}}