{"id":10714,"date":"2022-06-07T18:23:52","date_gmt":"2022-06-07T16:23:52","guid":{"rendered":"https:\/\/www.ariesblog.it\/?p=10714"},"modified":"2022-06-07T18:23:54","modified_gmt":"2022-06-07T16:23:54","slug":"25-a-occhi-aperti","status":"publish","type":"post","link":"https:\/\/oldmanaries.it\/index.php\/2022\/06\/07\/25-a-occhi-aperti\/","title":{"rendered":"25. A occhi aperti"},"content":{"rendered":"\n<figure class=\"wp-block-image size-full\"><a href=\"https:\/\/www.oldmanaries.it\/wp-content\/uploads\/2022\/06\/pexels-photo-1139541.jpeg\"><img loading=\"lazy\" decoding=\"async\" width=\"1880\" height=\"1253\" src=\"https:\/\/www.oldmanaries.it\/wp-content\/uploads\/2022\/06\/pexels-photo-1139541.jpeg\" alt=\"scenic of ocean during sunset\" class=\"wp-image-10715\" srcset=\"https:\/\/oldmanaries.it\/wp-content\/uploads\/2022\/06\/pexels-photo-1139541.jpeg 1880w, https:\/\/oldmanaries.it\/wp-content\/uploads\/2022\/06\/pexels-photo-1139541-300x200.jpeg 300w, https:\/\/oldmanaries.it\/wp-content\/uploads\/2022\/06\/pexels-photo-1139541-1024x682.jpeg 1024w, https:\/\/oldmanaries.it\/wp-content\/uploads\/2022\/06\/pexels-photo-1139541-768x512.jpeg 768w, https:\/\/oldmanaries.it\/wp-content\/uploads\/2022\/06\/pexels-photo-1139541-1536x1024.jpeg 1536w, https:\/\/oldmanaries.it\/wp-content\/uploads\/2022\/06\/pexels-photo-1139541-150x100.jpeg 150w\" sizes=\"auto, (max-width: 1880px) 100vw, 1880px\" \/><\/a><figcaption><sub>Photo by Jayson Delos Santos on <a rel=\"nofollow\" href=\"https:\/\/www.pexels.com\/photo\/scenic-of-ocean-during-sunset-1139541\/\">Pexels.com<\/a><\/sub><\/figcaption><\/figure>\n\n\n\n<p><br \/>Oggi sono stato spiazzato da una domanda apparentemente banale.&nbsp;<\/p>\n\n\n\n<p>Eravamo sdraiati godendoci una pausa pranzo davanti al mare e io avevo lo sguardo che vagava intorno, finch\u00e9 lei mi guarda e mi chiede perch\u00e9 non mi stessi rilassando un po\u2019 a occhi chiusi.<\/p>\n\n\n\n<p>Ero stupito, perch\u00e9 neanche ci avevo fatto caso. O meglio, s\u00ec, ovviamente ci avevo fatto caso, ma per me \u00e8 la normalit\u00e0 e quando qualcosa per te \u00e8 normale suona strano che te ne venga chiesto il motivo.<\/p>\n\n\n\n<p>Se mi fermo a pensarci, io non tengo praticamente mai gli occhi chiusi per rilassarmi: lo faccio se sono molto stanco e voglio dormire, se ho mal di testa o al massimo, pensando in positivo, se sto ricevendo un massaggio (e anche allora non \u00e8 detto).<\/p>\n\n\n\n<p>Altrimenti i miei occhi sono aperti, soprattutto se mi trovo in un luogo d\u2019acqua, sia esso mare o lago o fiume.<\/p>\n\n\n\n<p>Quello che faccio in questi momenti \u00e8 diventare ricettivo: smetto di essere attivo, metto in stand by il cervello e permetto al mondo intorno a me di raggiungermi.<\/p>\n\n\n\n<p>Guardo, ascolto, annuso, mi immergo in ci\u00f2 che mi circonda e lascio che una parte mi resti incollata addosso: non so mai cosa, ma qualcosa anche minima rester\u00e0, magari riaffiorando tempo dopo.<\/p>\n\n\n\n<p>Mi ricarico del mondo, del mare, del lago, del fiume, dell\u2019acqua, della luce, delle nuvole, degli odori, delle persone, degli animali.<\/p>\n\n\n\n<p>Mi permetto di essere ricevente piuttosto che creativo, per poi poter tornare nella seconda veste.<\/p>\n\n\n\n<p>Ecco, il mio rilassarmi non \u00e8 chiudermi in me, ma permette a me stesso di assorbire il bello che c\u2019\u00e8 fuori, la calma, la serenit\u00e0.<\/p>\n\n\n\n<p>E, sempre pensandoci mentre scrivo, mi accorgo che si tratta di una mia caratteristica principale: so da tempo di essere una spugna emozionale, per cui assorbo quanto di negativo e di positivo mi circonda, con tutte le gioie e i dolori che ne conseguono ed \u00e8 per questo che, se ho bisogno di calma, mi immergo nella serenit\u00e0 del luogo che scelgo, sempre che abbia la fortuna di poterlo fare.<\/p>\n\n\n\n<p>Sono come una batteria solare di emozioni e oggi mi sono permesso di ricaricarmi un po\u2019.<\/p>\n\n\n\n<p>A occhi spalancati.<\/p>\n","protected":false},"excerpt":{"rendered":"<p>Oggi sono stato spiazzato da una domanda apparentemente banale.&nbsp; Eravamo sdraiati godendoci una pausa pranzo davanti al mare e io avevo lo sguardo che vagava intorno, finch\u00e9 lei mi guarda&#46;&#46;&#46;<\/p>\n","protected":false},"author":1,"featured_media":10715,"comment_status":"open","ping_status":"closed","sticky":false,"template":"","format":"standard","meta":{"_monsterinsights_skip_tracking":false,"_monsterinsights_sitenote_active":false,"_monsterinsights_sitenote_note":"","_monsterinsights_sitenote_category":0,"_s2mail":"","ngg_post_thumbnail":0,"jetpack_post_was_ever_published":false,"_jetpack_newsletter_access":"","_jetpack_dont_email_post_to_subs":false,"_jetpack_newsletter_tier_id":0,"_jetpack_memberships_contains_paywalled_content":false,"_jetpack_memberships_contains_paid_content":false,"footnotes":""},"categories":[6,172],"tags":[],"class_list":["post-10714","post","type-post","status-publish","format-standard","has-post-thumbnail","hentry","category-riflessioni","category-un-post-al-giorno"],"aioseo_notices":[],"jetpack_featured_media_url":"https:\/\/oldmanaries.it\/wp-content\/uploads\/2022\/06\/pexels-photo-1139541.jpeg","jetpack_sharing_enabled":true,"jetpack_shortlink":"https:\/\/wp.me\/p8QUWp-2MO","jetpack_likes_enabled":true,"jetpack-related-posts":[{"id":4638,"url":"https:\/\/oldmanaries.it\/index.php\/2015\/08\/05\/115-promemoria\/","url_meta":{"origin":10714,"position":0},"title":"115. Promemoria","author":"Aries","date":"5 Agosto 2015","format":false,"excerpt":"Una serata con un amico.Pizza, gelato, pettegolezzi, cazzeggio, cose serie e cose molto meno serie.Poi, mentre si cammina, una ragazza si avvicina.Non penso abbia vent'anni.Ci chiede se abbiamo qualche spicciolo perch\u00e9 ha fame.Vivendo a Milano una situazione del genere capita talmente tante volte che si impara a dire di no\u2026","rel":"","context":"In &quot;Still life&quot;","block_context":{"text":"Still life","link":"https:\/\/oldmanaries.it\/index.php\/category\/still-life\/"},"img":{"alt_text":"","src":"","width":0,"height":0},"classes":[]},{"id":7876,"url":"https:\/\/oldmanaries.it\/index.php\/2020\/10\/11\/di-nuovo-li\/","url_meta":{"origin":10714,"position":1},"title":"Di nuovo l\u00ec","author":"Aries","date":"11 Ottobre 2020","format":false,"excerpt":"Photo by Pixabay on Pexels.com Stamattina sono andato a fare una camminata veloce per provare a far passare un po' di mal di schiena. Dato che la Martesana \u00e8 mediamente piena di gente ho deciso di andare al Parco Nord, un po' pi\u00f9 lontano, ma un posto veramente bello per\u2026","rel":"","context":"In &quot;Riflessioni&quot;","block_context":{"text":"Riflessioni","link":"https:\/\/oldmanaries.it\/index.php\/category\/riflessioni\/"},"img":{"alt_text":"asphalt dark dawn endless","src":"https:\/\/i0.wp.com\/oldmanaries.it\/wp-content\/uploads\/2020\/10\/pexels-photo-531321.jpeg?resize=350%2C200&ssl=1","width":350,"height":200,"srcset":"https:\/\/i0.wp.com\/oldmanaries.it\/wp-content\/uploads\/2020\/10\/pexels-photo-531321.jpeg?resize=350%2C200&ssl=1 1x, https:\/\/i0.wp.com\/oldmanaries.it\/wp-content\/uploads\/2020\/10\/pexels-photo-531321.jpeg?resize=525%2C300&ssl=1 1.5x, https:\/\/i0.wp.com\/oldmanaries.it\/wp-content\/uploads\/2020\/10\/pexels-photo-531321.jpeg?resize=700%2C400&ssl=1 2x, https:\/\/i0.wp.com\/oldmanaries.it\/wp-content\/uploads\/2020\/10\/pexels-photo-531321.jpeg?resize=1050%2C600&ssl=1 3x, https:\/\/i0.wp.com\/oldmanaries.it\/wp-content\/uploads\/2020\/10\/pexels-photo-531321.jpeg?resize=1400%2C800&ssl=1 4x"},"classes":[]},{"id":6528,"url":"https:\/\/oldmanaries.it\/index.php\/2017\/07\/04\/perche-no\/","url_meta":{"origin":10714,"position":2},"title":"Perch\u00e9 no?","author":"Aries","date":"4 Luglio 2017","format":false,"excerpt":"Ieri sera, dopo cena, sono sceso a prelevare: oggi sarebbe dovuto passare il vetraio e avrei dovuto dargli un acconto. Una volta fatto, tornando verso casa, mi sono reso conto che di tornare subito, dopo aver trascorso l'intera giornata al chiuso, non avevo alcuna voglia, cos\u00ec come (lo so, sono\u2026","rel":"","context":"In &quot;Cosa celebri oggi?&quot;","block_context":{"text":"Cosa celebri oggi?","link":"https:\/\/oldmanaries.it\/index.php\/category\/cosa-celebri-oggi\/"},"img":{"alt_text":"","src":"https:\/\/i0.wp.com\/www.oldmanaries.it\/wp-content\/uploads\/2017\/07\/19642484_10213610408195390_6162363102568674289_n-300x300-1.jpg?resize=350%2C200&ssl=1","width":350,"height":200},"classes":[]},{"id":6563,"url":"https:\/\/oldmanaries.it\/index.php\/2017\/07\/26\/coincidenze-ma-di-quelle-belle\/","url_meta":{"origin":10714,"position":3},"title":"Coincidenze ma di quelle belle","author":"Aries","date":"26 Luglio 2017","format":false,"excerpt":"Qualche giorno fa avevo fatto un post riguardo Saranno Famosi e, in particolare, un concerto che era stato trasmesso come episodio. Uno o due giorni dopo sono tornato a vedere quel video e, a cascata, un paio di video correlati: uno su un concerto mai trasmesso in Italia e poi\u2026","rel":"","context":"In &quot;Cosa celebri oggi?&quot;","block_context":{"text":"Cosa celebri oggi?","link":"https:\/\/oldmanaries.it\/index.php\/category\/cosa-celebri-oggi\/"},"img":{"alt_text":"","src":"","width":0,"height":0},"classes":[]},{"id":4117,"url":"https:\/\/oldmanaries.it\/index.php\/2014\/12\/19\/adesso\/","url_meta":{"origin":10714,"position":4},"title":"Adesso","author":"Aries","date":"19 Dicembre 2014","format":false,"excerpt":"Te lo scrivo adesso. Perch\u00e9 domani sar\u00e0 una giornata di festeggiamenti e il tuo ricordo sar\u00e0 in me, ma non sul mio viso. Te lo scrivo adesso. Perch\u00e9 questo \u00e8 il primo anno che anche i giorni della settimana coincidono e per uno come me fa un effetto ancora pi\u00f9\u2026","rel":"","context":"In &quot;Riflessioni&quot;","block_context":{"text":"Riflessioni","link":"https:\/\/oldmanaries.it\/index.php\/category\/riflessioni\/"},"img":{"alt_text":"","src":"","width":0,"height":0},"classes":[]},{"id":1390,"url":"https:\/\/oldmanaries.it\/index.php\/2010\/06\/04\/la-clessidra\/","url_meta":{"origin":10714,"position":5},"title":"La Clessidra","author":"Aries","date":"4 Giugno 2010","format":false,"excerpt":"Un paio di mesi fa \u00e8 nata l\"ispirazione per un nuovo racconto: sicuramente gli spunti sono molti, non ultima una canzone di Valentina Gautier che ha fatto accendere la scintilla ed il cui titolo viene in realt\u00e0\u00a0 citato nel racconto stesso (e che non indico qui per evitare spoiler). Spero,\u2026","rel":"","context":"In &quot;Racconti&quot;","block_context":{"text":"Racconti","link":"https:\/\/oldmanaries.it\/index.php\/category\/racconti\/"},"img":{"alt_text":"","src":"","width":0,"height":0},"classes":[]}],"_links":{"self":[{"href":"https:\/\/oldmanaries.it\/index.php\/wp-json\/wp\/v2\/posts\/10714","targetHints":{"allow":["GET"]}}],"collection":[{"href":"https:\/\/oldmanaries.it\/index.php\/wp-json\/wp\/v2\/posts"}],"about":[{"href":"https:\/\/oldmanaries.it\/index.php\/wp-json\/wp\/v2\/types\/post"}],"author":[{"embeddable":true,"href":"https:\/\/oldmanaries.it\/index.php\/wp-json\/wp\/v2\/users\/1"}],"replies":[{"embeddable":true,"href":"https:\/\/oldmanaries.it\/index.php\/wp-json\/wp\/v2\/comments?post=10714"}],"version-history":[{"count":1,"href":"https:\/\/oldmanaries.it\/index.php\/wp-json\/wp\/v2\/posts\/10714\/revisions"}],"predecessor-version":[{"id":10716,"href":"https:\/\/oldmanaries.it\/index.php\/wp-json\/wp\/v2\/posts\/10714\/revisions\/10716"}],"wp:featuredmedia":[{"embeddable":true,"href":"https:\/\/oldmanaries.it\/index.php\/wp-json\/wp\/v2\/media\/10715"}],"wp:attachment":[{"href":"https:\/\/oldmanaries.it\/index.php\/wp-json\/wp\/v2\/media?parent=10714"}],"wp:term":[{"taxonomy":"category","embeddable":true,"href":"https:\/\/oldmanaries.it\/index.php\/wp-json\/wp\/v2\/categories?post=10714"},{"taxonomy":"post_tag","embeddable":true,"href":"https:\/\/oldmanaries.it\/index.php\/wp-json\/wp\/v2\/tags?post=10714"}],"curies":[{"name":"wp","href":"https:\/\/api.w.org\/{rel}","templated":true}]}}